{"id":63810,"date":"2025-10-25T04:07:15","date_gmt":"2025-10-25T04:07:15","guid":{"rendered":"https:\/\/www.europesays.com\/se\/63810\/"},"modified":"2025-10-25T04:07:15","modified_gmt":"2025-10-25T04:07:15","slug":"direkt-krisen-i-mellanostern-fraktioner-i-gaza-overens-om-teknokratstyre","status":"publish","type":"post","link":"https:\/\/www.europesays.com\/se\/63810\/","title":{"rendered":"Direkt Krisen i Mellan\u00f6stern &#8211; Fraktioner i Gaza \u00f6verens om teknokratstyre"},"content":{"rendered":"<p>Israels h\u00f6gerextrema finansminister Bezalel Smotrich ber om urs\u00e4kt f\u00f6r ett uttalande han gjorde gentemot Saudiarabien tidigare p\u00e5 torsdagen.<\/p>\n<p>\u201dNormalistering i utbyte mot en Palestinsk stat, nej tack mina v\u00e4nner. Forts\u00e4tt rida era kameler i den saudiska \u00f6knen\u201d, uttalade sig ministern och fick kritik \u00e4ven i Israel f\u00f6r sin rasistiska ton.<\/p>\n<p>Nu kallar Smotrich sitt uttalande f\u00f6r \u201dolyckligt\u201d och s\u00e4ger att han \u201d\u00e5ngrar f\u00f6rol\u00e4mpningen\u201d, samtidigt som han uppmanar saudierna att \u201dinte avf\u00e4rda det judiska arvet p\u00e5 V\u00e4stbanken\u201d, skriver <a href=\"https:\/\/www.haaretz.com\/israel-news\/2025-10-23\/ty-article-live\/ahead-of-arrival-in-israel-rubio-warns-moves-toward-wb-annexation-threaten-gaza-peace\/0000019a-0ecb-d1c4-a99f-7ffb02eb0000?liveBlogItemId=1154732254&amp;utm_source=site&amp;utm_medium=button&amp;utm_campaign=live_blog_item#1154732254\" rel=\"nofollow noopener\" target=\"_blank\">Haaretz<\/a>.<\/p>\n<p>Det uppseendev\u00e4ckande uttalandet kommer inf\u00f6r den saudiska kronprinsen Mohammed bin Salmans bes\u00f6k i Vita huset i november, d\u00e5 normaliseringsprocessen v\u00e4ntas vara ett av \u00e4mnena.<\/p>\n<p>B\u00e5de Donald Trump och Joe Biden har lett USA:s f\u00f6rs\u00f6k att normalisera den saudi-israeliska relationen, men det finns uppenbara hinder. Saudiarabien \u00e4r inte beredda att normalisera relationen om inte en palestinsk stat uppr\u00e4ttas, vilket Israels regering v\u00e4grar.<\/p>\n","protected":false},"excerpt":{"rendered":"Israels h\u00f6gerextrema finansminister Bezalel Smotrich ber om urs\u00e4kt f\u00f6r ett uttalande han gjorde gentemot Saudiarabien tidigare p\u00e5 torsdagen.&hellip;\n","protected":false},"author":2,"featured_media":14013,"comment_status":"","ping_status":"","sticky":false,"template":"","format":"standard","meta":{"footnotes":""},"categories":[14],"tags":[22,23,26,27,17,21,24,25,28,29,15,16,18,34,31,33,32,30,19,20,51,52,53,54],"class_list":{"0":"post-63810","1":"post","2":"type-post","3":"status-publish","4":"format-standard","5":"has-post-thumbnail","7":"category-varlden","8":"tag-breaking-news","9":"tag-breakingnews","10":"tag-featured-news","11":"tag-featurednews","12":"tag-headlines","13":"tag-huvudnyheter","14":"tag-latest-news","15":"tag-latestnews","16":"tag-main-news","17":"tag-mainnews","18":"tag-news","19":"tag-nyheter","20":"tag-rubriker","21":"tag-se","22":"tag-svenska","23":"tag-sverige","24":"tag-sweden","25":"tag-swedish","26":"tag-top-stories","27":"tag-topstories","28":"tag-varlden","29":"tag-world","30":"tag-world-news","31":"tag-worldnews"},"share_on_mastodon":{"url":"https:\/\/pubeurope.com\/@se\/115432839136512222","error":""},"_links":{"self":[{"href":"https:\/\/www.europesays.com\/se\/wp-json\/wp\/v2\/posts\/63810","targetHints":{"allow":["GET"]}}],"collection":[{"href":"https:\/\/www.europesays.com\/se\/wp-json\/wp\/v2\/posts"}],"about":[{"href":"https:\/\/www.europesays.com\/se\/wp-json\/wp\/v2\/types\/post"}],"author":[{"embeddable":true,"href":"https:\/\/www.europesays.com\/se\/wp-json\/wp\/v2\/users\/2"}],"replies":[{"embeddable":true,"href":"https:\/\/www.europesays.com\/se\/wp-json\/wp\/v2\/comments?post=63810"}],"version-history":[{"count":0,"href":"https:\/\/www.europesays.com\/se\/wp-json\/wp\/v2\/posts\/63810\/revisions"}],"wp:featuredmedia":[{"embeddable":true,"href":"https:\/\/www.europesays.com\/se\/wp-json\/wp\/v2\/media\/14013"}],"wp:attachment":[{"href":"https:\/\/www.europesays.com\/se\/wp-json\/wp\/v2\/media?parent=63810"}],"wp:term":[{"taxonomy":"category","embeddable":true,"href":"https:\/\/www.europesays.com\/se\/wp-json\/wp\/v2\/categories?post=63810"},{"taxonomy":"post_tag","embeddable":true,"href":"https:\/\/www.europesays.com\/se\/wp-json\/wp\/v2\/tags?post=63810"}],"curies":[{"name":"wp","href":"https:\/\/api.w.org\/{rel}","templated":true}]}}