{"id":63811,"date":"2025-10-25T04:09:15","date_gmt":"2025-10-25T04:09:15","guid":{"rendered":"https:\/\/www.europesays.com\/se\/63811\/"},"modified":"2025-10-25T04:09:15","modified_gmt":"2025-10-25T04:09:15","slug":"sammandrag-fran-kvallen-forlust-for-troja","status":"publish","type":"post","link":"https:\/\/www.europesays.com\/se\/63811\/","title":{"rendered":"Sammandrag fr\u00e5n kv\u00e4llen: F\u00f6rlust f\u00f6r Troja"},"content":{"rendered":"<p>BANDY<br \/><strong>Bolln\u00e4s \u2013 \u00c5by\/Tjureda (elitserien)\u00a0 \u00a05\u20135<\/strong><br \/>Kronbergslaget forts\u00e4tter att spela bra i h\u00f6gsta serien.<\/p>\n<p>INNEBANDY<br \/><strong>V\u00e4xj\u00f6 \u2013 Mullsj\u00f6 (superligan) 3\u20134 f\u00f6rl\u00e4ngning<\/strong><br \/>Det var j\u00e4mnt spel och det \u00e4r \u00e4ven j\u00e4mnt lagen emellan i tabellen.<\/p>\n<p><strong>FBC Ljungby \u2013 Skillingaryd (2 dam)\u00a0 \u00a012\u20131<\/strong><br \/>\u2022 <a href=\"https:\/\/skillingaryd.nu\/sport\/innebandy\/1-12-sik-damerna\/\" rel=\"nofollow noopener\" target=\"_blank\">L\u00e4s mer<\/a>.<\/p>\n<p>ISHOCKEY<br \/><strong>Troja\/Ljungby \u2013 Bj\u00f6rkl\u00f6ven (hockeyallsvenskan)\u00a0 \u00a02\u20134<\/strong><br \/>Troja hamnade i underl\u00e4ge 0-3 men spelade upp sig. Vid 2\u20133 tog ma nut m\u00e5lvakten men d\u00e5 kom \u00e4nnu ett bakl\u00e4ngesm\u00e5l.<\/p>\n","protected":false},"excerpt":{"rendered":"BANDYBolln\u00e4s \u2013 \u00c5by\/Tjureda (elitserien)\u00a0 \u00a05\u20135Kronbergslaget forts\u00e4tter att spela bra i h\u00f6gsta serien. INNEBANDYV\u00e4xj\u00f6 \u2013 Mullsj\u00f6 (superligan) 3\u20134 f\u00f6rl\u00e4ngningDet&hellip;\n","protected":false},"author":2,"featured_media":13609,"comment_status":"","ping_status":"","sticky":false,"template":"","format":"standard","meta":{"footnotes":""},"categories":[5],"tags":[22,23,26,27,17,21,24,25,28,29,15,16,18,34,31,33,32,30,19,20],"class_list":{"0":"post-63811","1":"post","2":"type-post","3":"status-publish","4":"format-standard","5":"has-post-thumbnail","7":"category-rubriker","8":"tag-breaking-news","9":"tag-breakingnews","10":"tag-featured-news","11":"tag-featurednews","12":"tag-headlines","13":"tag-huvudnyheter","14":"tag-latest-news","15":"tag-latestnews","16":"tag-main-news","17":"tag-mainnews","18":"tag-news","19":"tag-nyheter","20":"tag-rubriker","21":"tag-se","22":"tag-svenska","23":"tag-sverige","24":"tag-sweden","25":"tag-swedish","26":"tag-top-stories","27":"tag-topstories"},"share_on_mastodon":{"url":"https:\/\/pubeurope.com\/@se\/115432846987150998","error":""},"_links":{"self":[{"href":"https:\/\/www.europesays.com\/se\/wp-json\/wp\/v2\/posts\/63811","targetHints":{"allow":["GET"]}}],"collection":[{"href":"https:\/\/www.europesays.com\/se\/wp-json\/wp\/v2\/posts"}],"about":[{"href":"https:\/\/www.europesays.com\/se\/wp-json\/wp\/v2\/types\/post"}],"author":[{"embeddable":true,"href":"https:\/\/www.europesays.com\/se\/wp-json\/wp\/v2\/users\/2"}],"replies":[{"embeddable":true,"href":"https:\/\/www.europesays.com\/se\/wp-json\/wp\/v2\/comments?post=63811"}],"version-history":[{"count":0,"href":"https:\/\/www.europesays.com\/se\/wp-json\/wp\/v2\/posts\/63811\/revisions"}],"wp:featuredmedia":[{"embeddable":true,"href":"https:\/\/www.europesays.com\/se\/wp-json\/wp\/v2\/media\/13609"}],"wp:attachment":[{"href":"https:\/\/www.europesays.com\/se\/wp-json\/wp\/v2\/media?parent=63811"}],"wp:term":[{"taxonomy":"category","embeddable":true,"href":"https:\/\/www.europesays.com\/se\/wp-json\/wp\/v2\/categories?post=63811"},{"taxonomy":"post_tag","embeddable":true,"href":"https:\/\/www.europesays.com\/se\/wp-json\/wp\/v2\/tags?post=63811"}],"curies":[{"name":"wp","href":"https:\/\/api.w.org\/{rel}","templated":true}]}}