{"id":63812,"date":"2025-10-25T04:11:21","date_gmt":"2025-10-25T04:11:21","guid":{"rendered":"https:\/\/www.europesays.com\/se\/63812\/"},"modified":"2025-10-25T04:11:21","modified_gmt":"2025-10-25T04:11:21","slug":"dubbel-chans-till-division-2-succear-for-staffanstorps-fotboll","status":"publish","type":"post","link":"https:\/\/www.europesays.com\/se\/63812\/","title":{"rendered":"Dubbel chans till division 2 \u2013 succ\u00e9\u00e5r f\u00f6r Staffanstorps fotboll"},"content":{"rendered":"<p data-start=\"388\" data-end=\"589\"><strong data-start=\"388\" data-end=\"589\">B\u00e5de FC Staffanstorps damer och Staffanstorps United herrar har m\u00f6jlighet att n\u00e5 division 2. Sportchefen Simon Fors\u00e9n ber\u00e4ttar om stoltheten, f\u00f6rv\u00e4ntningarna och den laddade helgen som v\u00e4ntar.<br \/>\u2013 K\u00e4nslan \u00e4r fantastisk. Vi har jobbat stenh\u00e5rt med att n\u00e5 bra resultat, b\u00e5de p\u00e5 dam- och herrsidan.<br \/><\/strong><\/p>\n<p data-start=\"596\" data-end=\"879\">Det ser mycket lovande ut f\u00f6r fotbollen i Staffanstorp just nu. B\u00e5de damlaget i FC Staffanstorp och herrlaget i Staffanstorp United FC har chans att ta klivet upp till division 2. Sportchefen Simon Fors\u00e9n, som har det \u00f6vergripande ansvaret i b\u00e5da klubbarna, gl\u00e4ds \u00e5t utvecklingen.<\/p>\n<p data-start=\"881\" data-end=\"997\">\u2013 K\u00e4nslan \u00e4r fantastisk. Vi har jobbat stenh\u00e5rt med att n\u00e5 bra resultat, b\u00e5de p\u00e5 dam- och herrsidan, s\u00e4ger Fors\u00e9n.<\/p>\n<p>\u201dVi \u00e4r redo att ta steget upp\u201d<\/p>\n<p data-start=\"1037\" data-end=\"1132\">Damlaget trillade ur division 2 f\u00f6rra \u00e5ret, men har studsat tillbaka starkt den h\u00e4r s\u00e4songen.<\/p>\n<p data-start=\"1134\" data-end=\"1338\">\u2013 Vi \u00e4r redo att ta steget upp med damerna. F\u00f6rra \u00e5ret ramlade vi ur, men i \u00e5r har vi f\u00e5tt en helt annan stabilitet och j\u00e4mnhet. Men det kr\u00e4vs att vi g\u00f6r jobbet p\u00e5 s\u00f6ndag f\u00f6rst och fr\u00e4mst, s\u00e4ger Fors\u00e9n.<\/p>\n<p data-start=\"1340\" data-end=\"1371\">\u00c4ven herrlaget har imponerat.<\/p>\n<p data-start=\"1373\" data-end=\"1606\">\u2013 Herrarna \u00e4r ocks\u00e5 redo att ta steget redan nu. Det var kanske inte planen redan den h\u00e4r s\u00e4songen, eftersom vi \u00e4r nykomlingar, men man kan aldrig bromsa sportsliga framg\u00e5ngar. Herr och dam har gjort det fantastiskt bra, s\u00e4ger han.<\/p>\n<p>Stor betydelse f\u00f6r klubbarna<\/p>\n<p data-start=\"1644\" data-end=\"1762\">Ett dubbelavancemang skulle betyda mycket, inte bara f\u00f6r spelarna utan ocks\u00e5 f\u00f6r hela Staffanstorps fotbollsr\u00f6relse.<\/p>\n<p data-start=\"1764\" data-end=\"2018\">\u2013 Det skulle betyda oerh\u00f6rt mycket f\u00f6r b\u00e5da klubbarna. Spelarna har jobbat v\u00e4ldigt h\u00e5rt och \u00e4r v\u00e4rda detta om det skulle g\u00e5 v\u00e4gen. Supportrarna har varit helt fantastiska hela \u00e5ret, och vi hoppas kunna ge tillbaka ett avancemang till dem, s\u00e4ger Fors\u00e9n.<\/p>\n<p>\u201dB\u00e5da lagen \u00e4r i bra form\u201d<\/p>\n<p data-start=\"2054\" data-end=\"2175\">F\u00f6r herrlaget v\u00e4ntar ett tufft dubbelm\u00f6te mot H\u00f6gaborgs BK \u2013 ett lag som k\u00e4mpar f\u00f6r att beh\u00e5lla sin plats i division 2.<\/p>\n<p data-start=\"2177\" data-end=\"2289\">\u2013 Det blir oerh\u00f6rt tufft, men vi \u00e4r i bra form och tror enormt mycket p\u00e5 att vi ska klara detta, s\u00e4ger Fors\u00e9n.<\/p>\n<p data-start=\"2291\" data-end=\"2425\">Damerna spelar sin sista kvalmatch p\u00e5 s\u00f6ndag mot Sibbhults IF. Efter tv\u00e5 raka segrar leder Staffanstorp sin kvalgrupp med full pott.<\/p>\n<p data-start=\"2427\" data-end=\"2665\">\u2013 Det ser v\u00e4ldigt bra ut, men allt ska spelas. Det g\u00e4ller att vi g\u00e5r ut och tar tag i matchen direkt och inte underskattar n\u00e5gon. Vi vill vinna varje match. Tjejerna \u00e4r v\u00e4ldigt taggade och vi har haft en bra tr\u00e4ningsvecka, s\u00e4ger Fors\u00e9n.<\/p>\n<p>Tv\u00e5 klubbar \u2013 en gemensam framg\u00e5ng<\/p>\n<p data-start=\"2709\" data-end=\"2788\">Att b\u00e5da lagen samtidigt \u00e4r p\u00e5 v\u00e4g upp\u00e5t ser sportchefen enbart som positivt.<\/p>\n<p data-start=\"2790\" data-end=\"3102\">\u2013 Det \u00e4r tv\u00e5 skilda f\u00f6reningar d\u00e4r jag sitter mittemellan n\u00e4r det kommer till det sportsliga. B\u00e5da styrelserna \u00e4r mycket bra och stabila, vilket g\u00f6r mitt jobb l\u00e4ttare. Alla vill \u00e5t samma m\u00e5l, vilket \u00e4r viktigt f\u00f6r att man ska kunna ta stegen upp i seriesystemet. S\u00e5 nej, ingen risk \u2013 bara en styrka, s\u00e4ger han.<\/p>\n<p>Ekonomin planeras redan nu<\/p>\n<p data-start=\"3138\" data-end=\"3185\">Ett avancemang inneb\u00e4r ocks\u00e5 \u00f6kade kostnader.<\/p>\n<p data-start=\"3187\" data-end=\"3428\">\u2013 N\u00e4r det b\u00f6rjade br\u00e4nnas lite i serien och vi s\u00e5g att avancemang kunde bli aktuellt, b\u00f6rjade vi planera f\u00f6r det i b\u00e5da klubbarna. Det p\u00e5verkar s\u00e5 klart ekonomiskt \u2013 resor, domare och annat blir dyrare \u2013 men vi \u00e4r f\u00f6rberedda, s\u00e4ger Fors\u00e9n.<\/p>\n<p>\u201dEtt sportsligt fantastiskt \u00e5r\u201d<\/p>\n<p data-start=\"3469\" data-end=\"3528\">F\u00f6r Simon Fors\u00e9n sj\u00e4lv har s\u00e4songen redan varit speciell.<\/p>\n<p data-start=\"3530\" data-end=\"3884\">\u2013 Jag brinner f\u00f6r resultatet \u2013 inte bara vinster, utan utvecklingen av lag och spelare inom v\u00e5ra sektioner. I \u00e5r kan man verkligen inte klaga. Jag har mycket bra folk runt omkring mig som hj\u00e4lper mig att n\u00e5 sportsliga framg\u00e5ngar. Det \u00e4r inte bara herr och dam som utvecklats, utan \u00e4ven ungdomssidan, vilket skapar bra f\u00f6ruts\u00e4ttningar fram\u00e5t, s\u00e4ger han.<\/p>\n<p>Fullsatt helg i Staffanstorp<\/p>\n<p data-start=\"3922\" data-end=\"4021\">P\u00e5 l\u00f6rdag v\u00e4ntar herrarnas f\u00f6rsta kvalm\u00f6te hemma p\u00e5 Staffansvallen, d\u00e4r intresset redan \u00e4r stort.<\/p>\n<p data-start=\"4023\" data-end=\"4321\">\u2013 Vi f\u00e5r b\u00f6rja hemma, och h\u00e4r \u00e4r vi starka. Jag hoppas det kommer mycket folk \u2013 vi hade runt 800 p\u00e5 f\u00f6rra hemmamatchen, vilket var helt fantastiskt. H\u00f6gaborg \u00e4r ett bra lag, men vi \u00e4r v\u00e4ldigt bra ocks\u00e5. Vi fokuserar p\u00e5 det vi kan p\u00e5verka, och sen \u00e4r det bara f\u00f6r grabbarna att k\u00f6ra, s\u00e4ger Fors\u00e9n.<\/p>\n<p data-start=\"4323\" data-end=\"4386\">Dagen efter spelar damerna sin avg\u00f6rande match i kvalgruppen.<\/p>\n<p data-start=\"4388\" data-end=\"4459\">\u2013 Vi ska g\u00e5 ut och avg\u00f6ra detta. Men vi m\u00e5ste g\u00f6ra jobbet, s\u00e4ger han.<\/p>\n<p>Planer p\u00e5 firande<\/p>\n<p data-start=\"4486\" data-end=\"4534\">Om b\u00e5da lagen lyckas, v\u00e4ntar givetvis firande.<\/p>\n<p data-start=\"4536\" data-end=\"4788\">\u2013 Om allt g\u00e5r v\u00e4gen kommer vi fira en del p\u00e5 s\u00f6ndag, men vi planerar \u00e4ven en st\u00f6rre tillst\u00e4llning lite senare om vi lyckas ta hem kvalgruppen. Skulle herrarna ocks\u00e5 klara sina tv\u00e5 matcher blir det s\u00e5 klart en h\u00e4rlig fest, s\u00e4ger Fors\u00e9n med ett leende.<\/p>\n<p>\u201dEtt stort tack till alla\u201d<\/p>\n<p data-start=\"4824\" data-end=\"4905\">Avslutningsvis vill sportchefen rikta ett tack till alla som st\u00f6ttat klubbarna.<\/p>\n<p data-start=\"4907\" data-end=\"5168\">\u2013 Ett stort tack till alla sponsorer, supportrar och alla som hj\u00e4lper till varje vecka i b\u00e5da klubbarna. Ni har en stor del i v\u00e5ra framg\u00e5ngar. Jag hoppas s\u00e5 m\u00e5nga som m\u00f6jligt tar sig till vallen b\u00e5de l\u00f6rdag och s\u00f6ndag f\u00f6r att st\u00f6tta lagen, s\u00e4ger Simon Fors\u00e9n.<\/p>\n<p>Foto: Staffanstorp United<\/p>\n<p>Kontaktuppgifter:<br \/>Lola.nilsson@skanesport.se<\/p>\n","protected":false},"excerpt":{"rendered":"B\u00e5de FC Staffanstorps damer och Staffanstorps United herrar har m\u00f6jlighet att n\u00e5 division 2. Sportchefen Simon Fors\u00e9n ber\u00e4ttar&hellip;\n","protected":false},"author":2,"featured_media":63813,"comment_status":"","ping_status":"","sticky":false,"template":"","format":"standard","meta":{"footnotes":""},"categories":[68],"tags":[34,111,110,31,33,32,30],"class_list":{"0":"post-63812","1":"post","2":"type-post","3":"status-publish","4":"format-standard","5":"has-post-thumbnail","7":"category-sport","8":"tag-se","9":"tag-sport","10":"tag-sports","11":"tag-svenska","12":"tag-sverige","13":"tag-sweden","14":"tag-swedish"},"share_on_mastodon":{"url":"https:\/\/pubeurope.com\/@se\/115432854809766280","error":""},"_links":{"self":[{"href":"https:\/\/www.europesays.com\/se\/wp-json\/wp\/v2\/posts\/63812","targetHints":{"allow":["GET"]}}],"collection":[{"href":"https:\/\/www.europesays.com\/se\/wp-json\/wp\/v2\/posts"}],"about":[{"href":"https:\/\/www.europesays.com\/se\/wp-json\/wp\/v2\/types\/post"}],"author":[{"embeddable":true,"href":"https:\/\/www.europesays.com\/se\/wp-json\/wp\/v2\/users\/2"}],"replies":[{"embeddable":true,"href":"https:\/\/www.europesays.com\/se\/wp-json\/wp\/v2\/comments?post=63812"}],"version-history":[{"count":0,"href":"https:\/\/www.europesays.com\/se\/wp-json\/wp\/v2\/posts\/63812\/revisions"}],"wp:featuredmedia":[{"embeddable":true,"href":"https:\/\/www.europesays.com\/se\/wp-json\/wp\/v2\/media\/63813"}],"wp:attachment":[{"href":"https:\/\/www.europesays.com\/se\/wp-json\/wp\/v2\/media?parent=63812"}],"wp:term":[{"taxonomy":"category","embeddable":true,"href":"https:\/\/www.europesays.com\/se\/wp-json\/wp\/v2\/categories?post=63812"},{"taxonomy":"post_tag","embeddable":true,"href":"https:\/\/www.europesays.com\/se\/wp-json\/wp\/v2\/tags?post=63812"}],"curies":[{"name":"wp","href":"https:\/\/api.w.org\/{rel}","templated":true}]}}