{"id":63814,"date":"2025-10-25T04:17:17","date_gmt":"2025-10-25T04:17:17","guid":{"rendered":"https:\/\/www.europesays.com\/se\/63814\/"},"modified":"2025-10-25T04:17:17","modified_gmt":"2025-10-25T04:17:17","slug":"tva-personer-skjutna-i-sodertalje-stor-polisinsats","status":"publish","type":"post","link":"https:\/\/www.europesays.com\/se\/63814\/","title":{"rendered":"Tv\u00e5 personer skjutna i S\u00f6dert\u00e4lje \u2013 stor polisinsats"},"content":{"rendered":"<p>Det var vid 21.23 som polisen larmades om h\u00f6ga sm\u00e4llar i omr\u00e5det Fornh\u00f6jden i S\u00f6dert\u00e4lje. P\u00e5 plats kunde polisen konstatera att tv\u00e5 personer skjutits i anslutning till en bil.<\/p>\n<p>\u2013 Just nu kan vi inte g\u00e5 in p\u00e5 skadel\u00e4get och omst\u00e4ndigheterna, s\u00e4ger Nadya Norton, presstalesperson vid Stockholmspolisen.<\/p>\n<p>Senare under natten meddelade polisen att en man i 18-\u00e5rs\u00e5ldern avlidit efter skjutningen. Anh\u00f6riga \u00e4r underr\u00e4ttade.<\/p>\n<p>En man i 20-\u00e5rs\u00e5ldern f\u00f6rdes till sjukhus med ambulans. Hans skadel\u00e4ge bed\u00f6ms inte vara livshotande, skriver polisen p\u00e5 sin sajt.<\/p>\n<p>Polisen har under kv\u00e4llen och natten s\u00f6kt efter g\u00e4rningspersoner. Vid 04.30 meddelade polisen att flera personer har gripits misst\u00e4nkta f\u00f6r mord.<\/p>\n<p>          <img decoding=\"async\" class=\"picture__img\" src=\"https:\/\/www.europesays.com\/se\/wp-content\/uploads\/2025\/10\/08087f8b-2321-4df9-b32b-c16dbba48fe6.jpeg\"   alt=\"\" aria-hidden=\"true\"\/><\/p>\n<p>      Foto: STHLMNEWS<\/p>\n<p>Under kv\u00e4llen har det varit v\u00e4gsp\u00e4rrar p\u00e5 E4 f\u00f6r att polisen ska kunna kontrollera bilar.<\/p>\n<p>En stor polisinsats har under natten p\u00e5g\u00e5tt i omr\u00e5det och tekniker \u00e4r p\u00e5 plats f\u00f6r att unders\u00f6ka brottsplatsen.<\/p>\n<p>\u2013 Vi \u00e4r d\u00e4r med flera patruller och det \u00e4r avsp\u00e4rrat. Vi jobbar med sp\u00e5rs\u00e4kring och pratar med vittnen, s\u00e4ger Nadya Norton.<\/p>\n<p>H\u00e4ndelsen utreds som mord respektive f\u00f6rs\u00f6k till mord.<\/p>\n","protected":false},"excerpt":{"rendered":"Det var vid 21.23 som polisen larmades om h\u00f6ga sm\u00e4llar i omr\u00e5det Fornh\u00f6jden i S\u00f6dert\u00e4lje. P\u00e5 plats kunde&hellip;\n","protected":false},"author":2,"featured_media":63815,"comment_status":"","ping_status":"","sticky":false,"template":"","format":"standard","meta":{"footnotes":""},"categories":[5],"tags":[22,23,26,27,17,21,24,25,28,29,15,16,18,34,31,33,32,30,19,20],"class_list":{"0":"post-63814","1":"post","2":"type-post","3":"status-publish","4":"format-standard","5":"has-post-thumbnail","7":"category-rubriker","8":"tag-breaking-news","9":"tag-breakingnews","10":"tag-featured-news","11":"tag-featurednews","12":"tag-headlines","13":"tag-huvudnyheter","14":"tag-latest-news","15":"tag-latestnews","16":"tag-main-news","17":"tag-mainnews","18":"tag-news","19":"tag-nyheter","20":"tag-rubriker","21":"tag-se","22":"tag-svenska","23":"tag-sverige","24":"tag-sweden","25":"tag-swedish","26":"tag-top-stories","27":"tag-topstories"},"share_on_mastodon":{"url":"https:\/\/pubeurope.com\/@se\/115432878555908554","error":""},"_links":{"self":[{"href":"https:\/\/www.europesays.com\/se\/wp-json\/wp\/v2\/posts\/63814","targetHints":{"allow":["GET"]}}],"collection":[{"href":"https:\/\/www.europesays.com\/se\/wp-json\/wp\/v2\/posts"}],"about":[{"href":"https:\/\/www.europesays.com\/se\/wp-json\/wp\/v2\/types\/post"}],"author":[{"embeddable":true,"href":"https:\/\/www.europesays.com\/se\/wp-json\/wp\/v2\/users\/2"}],"replies":[{"embeddable":true,"href":"https:\/\/www.europesays.com\/se\/wp-json\/wp\/v2\/comments?post=63814"}],"version-history":[{"count":0,"href":"https:\/\/www.europesays.com\/se\/wp-json\/wp\/v2\/posts\/63814\/revisions"}],"wp:featuredmedia":[{"embeddable":true,"href":"https:\/\/www.europesays.com\/se\/wp-json\/wp\/v2\/media\/63815"}],"wp:attachment":[{"href":"https:\/\/www.europesays.com\/se\/wp-json\/wp\/v2\/media?parent=63814"}],"wp:term":[{"taxonomy":"category","embeddable":true,"href":"https:\/\/www.europesays.com\/se\/wp-json\/wp\/v2\/categories?post=63814"},{"taxonomy":"post_tag","embeddable":true,"href":"https:\/\/www.europesays.com\/se\/wp-json\/wp\/v2\/tags?post=63814"}],"curies":[{"name":"wp","href":"https:\/\/api.w.org\/{rel}","templated":true}]}}