{"id":63816,"date":"2025-10-25T04:33:10","date_gmt":"2025-10-25T04:33:10","guid":{"rendered":"https:\/\/www.europesays.com\/se\/63816\/"},"modified":"2025-10-25T04:33:10","modified_gmt":"2025-10-25T04:33:10","slug":"det-ar-bara-att-valkomna-c-valjarnas-vanstersvang","status":"publish","type":"post","link":"https:\/\/www.europesays.com\/se\/63816\/","title":{"rendered":"Det \u00e4r bara att v\u00e4lkomna C-v\u00e4ljarnas v\u00e4nstersv\u00e4ng"},"content":{"rendered":"<p>Knappt tv\u00e5 veckor har g\u00e5tt sedan Agendas partiledardebatt, och redan har en partiledare hunnit avg\u00e5. Den som hoppades p\u00e5 ett val\u00e5r pr\u00e4glat av god ton och vuxna i rummet hoppades, f\u00f6ga f\u00f6rv\u00e5nande, f\u00f6rg\u00e4ves. \u00a0<\/p>\n<p>Eller som Milj\u00f6partiets ordf\u00f6rande i G\u00f6teborg, Jonas Svensson, uttryckte det n\u00e4r han i veckan s\u00e5gade partiets nya partiprogram: \u201dJag vill att det ska k\u00e4nnas som att det \u00e4r skrivet av en poet, inte en byr\u00e5krat.\u201d<\/p>\n<p>Poesi k\u00e4nns r\u00e4tt avl\u00e4gset i ett politiskt landskap d\u00e4r partiledare tvingas avg\u00e5 efter hat och hot, medan statsministern blundar f\u00f6r de h\u00f6gerextrema trollfabriker som eldar p\u00e5 hatet. N\u00e4r det kommer till tv-s\u00e4nda debatter d\u00e4remot \u00e4r han desto snabbare med krav p\u00e5 att v\u00e4nsterpolitikers mikrofoner minsann ska st\u00e4ngas av, om tonen inte faller honom i smaken.\u00a0<\/p>\n<p>Det s\u00e4ger en hel del om de politiska prioriteringarna inom Tid\u00f6-samarbetet, de villkorsl\u00f6sa lojalitets\u00f6vningarna och jakten p\u00e5 n\u00e4sta gemensamma fiende.\u00a0<\/p>\n<p><b>Anna-Karin Hatts (C) pl\u00f6tsliga avg\u00e5ng<\/b> v\u00e4ckte ocks\u00e5 sm\u00e4rtsamma minnen fr\u00e5n 2022, d\u00e5 terroristen Theodor Engstr\u00f6m m\u00f6rdade psykiatrisamordnaren Ing-Marie Wieselgren, och \u00e4ven planerade att d\u00f6da d\u00e5varande centerledaren Annie L\u00f6\u00f6f. \u00c4ven om SD kom lindrigt undan d\u00e5, var partiet i allra h\u00f6gsta grad medskyldigt till att ha trissat upp hatet och hotbilden mot L\u00f6\u00f6f. I flera partikopplade kanaler m\u00e5lades hon ut som \u201dSharia-Annie\u201d, \u201dett hot mot demokratin\u201d, en \u201dlandsf\u00f6rr\u00e4dare\u201d som borde \u201dstraffas rej\u00e4lt\u201d. \u00a0<\/p>\n<blockquote><p>Det \u00e4r samma dubbelspel som hos Jimmie \u00c5kesson, den d\u00e4r helt vanliga snubben i gubbkeps som hejar p\u00e5 Mj\u00e4llby AIF. \u00a0<\/p><\/blockquote>\n<p>N\u00e4r Mattias Karlsson (SD) \u201dpressades\u201d \u2013 det var l\u00e4nge sedan n\u00e5gon s\u00e5g ut att trivas s\u00e5 bra hos Anders Holmberg \u2013 i SVT:s 30 minuter nyligen, medgav han visserligen, motvilligt, att det kanske inte var \u201dett rimligt s\u00e4tt att prata om politiska motst\u00e5ndare\u201d. Men skyndade sig samtidigt att avf\u00e4rda ansvaret med att om han \u201dhaft n\u00e5got inflytande \u00f6ver de redaktionella besluten den dagen p\u00e5 Riks, s\u00e5 hade vi nog gjort annorlunda\u201d. \u00a0<\/p>\n<p>Ett halt icke-svar signerat en karri\u00e4rpolitiker som mycket v\u00e4l vet hur de redaktionella besluten fattas \u2013 b\u00e5de \u201dden dagen\u201d och andra dagar. \u00a0<\/p>\n<p><b>Mattias Karlsson \u00e4lskar att odla myten<\/b> om sig sj\u00e4lv som den ofrivillige ideologen \u2013 han som egentligen bara vill kasta varpa och dricka folk\u00f6l med polarna. Men man blir inte maktspelare och chefsideolog i Sveriges mest toppstyrda parti av en slump. Det \u00e4r samma dubbelspel som hos Jimmie \u00c5kesson (SD), den d\u00e4r helt vanliga snubben i gubbkeps som hejar p\u00e5 Mj\u00e4llby AIF. \u00a0<\/p>\n<p>Samtidigt \u00e4r det intressant att notera att SD \u2013 som l\u00e4nge h\u00e4vdat att sakinneh\u00e5llet \u00e4r partiets A och O \u2013 pl\u00f6tsligt hellre ser Magdalena Andersson (S) som statsminister \u00e4n f\u00f6rhandlar fram ett nytt Tid\u00f6-avtal, oavsett inneh\u00e5ll. \u201dEfter n\u00e4sta val \u00e4r Sverigedemokraterna ett regeringsparti eller ett parti i full opposition\u201d som Jimmie \u00c5kesson sj\u00e4lv uttryckt det.\u00a0<\/p>\n<p>Visst kan man p\u00e5 goda grunder argumentera f\u00f6r att De fyras g\u00e4ng b\u00f6r f\u00e5 \u00e5tminstone en ministerpost vid h\u00f6gervinst, men det g\u00e5r inte l\u00e4ngre att l\u00e5tsas som att \u201dsakinneh\u00e5llet\u201d \u00e4r det viktiga \u2013 inte n\u00e4r makten, och de bl\u00e4nkande ministerposterna, p\u00e5 allvar k\u00e4nns inom r\u00e4ckh\u00e5ll. \u00a0<\/p>\n<p><b>Medan SD driver h\u00f6gern<\/b> allt l\u00e4ngre ut i det bl\u00e5bruna ingenmanslandet, h\u00e4nder n\u00e5got annat i den gamla alliansmitten. En f\u00e4rsk rapport fr\u00e5n Som-institutet visar att allt f\u00e4rre centerpartister identifierar sig som h\u00f6ger, och att partiets v\u00e4ljark\u00e5r under det senaste decenniet stadigt r\u00f6rt sig l\u00e4ngre och l\u00e4ngre v\u00e4nsterut. Den marknadsliberala sakpolitiken lever visserligen kvar, men det s\u00e4ger \u00e4nd\u00e5 n\u00e5got om n\u00e5got att Tid\u00f6-d\u00f6rren \u00e4r st\u00e4ngd, och l\u00e4r f\u00f6rbli det, \u00e5tminstone \u00f6ver n\u00e4sta \u00e5rs val.\u00a0<\/p>\n<p>Jag v\u00e4lkomnar C-v\u00e4ljarnas v\u00e4nstersv\u00e4ng och hoppas att partiet snart kommer efter. Till dess l\u00e4r det kanske inte bli n\u00e5gon storslagen poesi, men kanske b\u00f6rjan p\u00e5 n\u00e5got nytt.<\/p>\n","protected":false},"excerpt":{"rendered":"Knappt tv\u00e5 veckor har g\u00e5tt sedan Agendas partiledardebatt, och redan har en partiledare hunnit avg\u00e5. Den som hoppades&hellip;\n","protected":false},"author":2,"featured_media":63817,"comment_status":"","ping_status":"","sticky":false,"template":"","format":"standard","meta":{"footnotes":""},"categories":[12],"tags":[22,23,26,27,17,21,24,25,28,29,15,16,18,34,31,33,32,30,19,20],"class_list":{"0":"post-63816","1":"post","2":"type-post","3":"status-publish","4":"format-standard","5":"has-post-thumbnail","7":"category-sverige","8":"tag-breaking-news","9":"tag-breakingnews","10":"tag-featured-news","11":"tag-featurednews","12":"tag-headlines","13":"tag-huvudnyheter","14":"tag-latest-news","15":"tag-latestnews","16":"tag-main-news","17":"tag-mainnews","18":"tag-news","19":"tag-nyheter","20":"tag-rubriker","21":"tag-se","22":"tag-svenska","23":"tag-sverige","24":"tag-sweden","25":"tag-swedish","26":"tag-top-stories","27":"tag-topstories"},"share_on_mastodon":{"url":"https:\/\/pubeurope.com\/@se\/115432941321946419","error":""},"_links":{"self":[{"href":"https:\/\/www.europesays.com\/se\/wp-json\/wp\/v2\/posts\/63816","targetHints":{"allow":["GET"]}}],"collection":[{"href":"https:\/\/www.europesays.com\/se\/wp-json\/wp\/v2\/posts"}],"about":[{"href":"https:\/\/www.europesays.com\/se\/wp-json\/wp\/v2\/types\/post"}],"author":[{"embeddable":true,"href":"https:\/\/www.europesays.com\/se\/wp-json\/wp\/v2\/users\/2"}],"replies":[{"embeddable":true,"href":"https:\/\/www.europesays.com\/se\/wp-json\/wp\/v2\/comments?post=63816"}],"version-history":[{"count":0,"href":"https:\/\/www.europesays.com\/se\/wp-json\/wp\/v2\/posts\/63816\/revisions"}],"wp:featuredmedia":[{"embeddable":true,"href":"https:\/\/www.europesays.com\/se\/wp-json\/wp\/v2\/media\/63817"}],"wp:attachment":[{"href":"https:\/\/www.europesays.com\/se\/wp-json\/wp\/v2\/media?parent=63816"}],"wp:term":[{"taxonomy":"category","embeddable":true,"href":"https:\/\/www.europesays.com\/se\/wp-json\/wp\/v2\/categories?post=63816"},{"taxonomy":"post_tag","embeddable":true,"href":"https:\/\/www.europesays.com\/se\/wp-json\/wp\/v2\/tags?post=63816"}],"curies":[{"name":"wp","href":"https:\/\/api.w.org\/{rel}","templated":true}]}}