{"id":63820,"date":"2025-10-25T05:06:08","date_gmt":"2025-10-25T05:06:08","guid":{"rendered":"https:\/\/www.europesays.com\/se\/63820\/"},"modified":"2025-10-25T05:06:08","modified_gmt":"2025-10-25T05:06:08","slug":"micael-dahlen-vart-valmaende-framat-avgors-av-fyra-faktorer","status":"publish","type":"post","link":"https:\/\/www.europesays.com\/se\/63820\/","title":{"rendered":"Micael Dahlen: V\u00e5rt v\u00e4lm\u00e5ende fram\u00e5t avg\u00f6rs av fyra faktorer"},"content":{"rendered":"<p>Detta \u00e4r en kommentar. Eventuella \u00e5sikter som uttrycks \u00e4r skribentens egna.<\/p>\n<p>Kanske minns du <a href=\"https:\/\/www.svd.se\/a\/RzdOMx\" rel=\"nofollow noopener\" target=\"_blank\">min text <\/a>fr\u00e5n den f\u00f6rra v\u00e5gen av Visdomspanelen i vilken jag ber\u00e4ttade om deltagarnas viktigaste l\u00e4rdomar i livet? I den v\u00e5gen m\u00e4tte vi ocks\u00e5 deras v\u00e4lm\u00e5ende i ett index som f\u00e5ngar in hur lyckliga de k\u00e4nner sig, hur meningsfull tillvaron \u00e4r, hur rikt liv de lever och hur gott livet \u00e4r p\u00e5 det stora hela. <\/p>\n","protected":false},"excerpt":{"rendered":"Detta \u00e4r en kommentar. Eventuella \u00e5sikter som uttrycks \u00e4r skribentens egna. Kanske minns du min text fr\u00e5n den&hellip;\n","protected":false},"author":2,"featured_media":63821,"comment_status":"","ping_status":"","sticky":false,"template":"","format":"standard","meta":{"footnotes":""},"categories":[5],"tags":[22,23,26,27,17,21,24,25,28,29,15,16,18,34,31,33,32,30,19,20],"class_list":{"0":"post-63820","1":"post","2":"type-post","3":"status-publish","4":"format-standard","5":"has-post-thumbnail","7":"category-rubriker","8":"tag-breaking-news","9":"tag-breakingnews","10":"tag-featured-news","11":"tag-featurednews","12":"tag-headlines","13":"tag-huvudnyheter","14":"tag-latest-news","15":"tag-latestnews","16":"tag-main-news","17":"tag-mainnews","18":"tag-news","19":"tag-nyheter","20":"tag-rubriker","21":"tag-se","22":"tag-svenska","23":"tag-sverige","24":"tag-sweden","25":"tag-swedish","26":"tag-top-stories","27":"tag-topstories"},"share_on_mastodon":{"url":"https:\/\/pubeurope.com\/@se\/115433071023208750","error":""},"_links":{"self":[{"href":"https:\/\/www.europesays.com\/se\/wp-json\/wp\/v2\/posts\/63820","targetHints":{"allow":["GET"]}}],"collection":[{"href":"https:\/\/www.europesays.com\/se\/wp-json\/wp\/v2\/posts"}],"about":[{"href":"https:\/\/www.europesays.com\/se\/wp-json\/wp\/v2\/types\/post"}],"author":[{"embeddable":true,"href":"https:\/\/www.europesays.com\/se\/wp-json\/wp\/v2\/users\/2"}],"replies":[{"embeddable":true,"href":"https:\/\/www.europesays.com\/se\/wp-json\/wp\/v2\/comments?post=63820"}],"version-history":[{"count":0,"href":"https:\/\/www.europesays.com\/se\/wp-json\/wp\/v2\/posts\/63820\/revisions"}],"wp:featuredmedia":[{"embeddable":true,"href":"https:\/\/www.europesays.com\/se\/wp-json\/wp\/v2\/media\/63821"}],"wp:attachment":[{"href":"https:\/\/www.europesays.com\/se\/wp-json\/wp\/v2\/media?parent=63820"}],"wp:term":[{"taxonomy":"category","embeddable":true,"href":"https:\/\/www.europesays.com\/se\/wp-json\/wp\/v2\/categories?post=63820"},{"taxonomy":"post_tag","embeddable":true,"href":"https:\/\/www.europesays.com\/se\/wp-json\/wp\/v2\/tags?post=63820"}],"curies":[{"name":"wp","href":"https:\/\/api.w.org\/{rel}","templated":true}]}}