{"id":63824,"date":"2025-10-25T05:14:16","date_gmt":"2025-10-25T05:14:16","guid":{"rendered":"https:\/\/www.europesays.com\/se\/63824\/"},"modified":"2025-10-25T05:14:16","modified_gmt":"2025-10-25T05:14:16","slug":"mordforsok-pa-restaurang-i-finspang-en-till-sjukhus","status":"publish","type":"post","link":"https:\/\/www.europesays.com\/se\/63824\/","title":{"rendered":"Mordf\u00f6rs\u00f6k p\u00e5 restaurang i Finsp\u00e5ng \u2013 en till sjukhus"},"content":{"rendered":"<p>En man i 45-\u00e5rs\u00e5ldern har f\u00f6rts till sjukhus efter ett br\u00e5k p\u00e5 en restaurang i Finsp\u00e5ng p\u00e5 fredagskv\u00e4llen, skriver SVT Nyheter \u00d6st. Enligt polisen har mannen huggits med ett vasst f\u00f6rem\u00e5l. <\/p>\n<p>Skadorna bed\u00f6ms vara allvarliga men inte livshotande, och h\u00e4ndelsen utreds som misst\u00e4nkt mordf\u00f6rs\u00f6k. <\/p>\n<p>Tv\u00e5 personer greps under natten, misst\u00e4nkta f\u00f6r skyddande av brottsling. Den misst\u00e4nkta g\u00e4rningsmannen \u00e4r fortfarande p\u00e5 fri fot. <\/p>\n<p>Omni \u00e4r politiskt obundna och oberoende. Vi str\u00e4var efter att ge fler perspektiv p\u00e5 nyheterna. Har du fr\u00e5gor eller synpunkter kring v\u00e5r rapportering? <a href=\"https:\/\/omni.se\/mordforsok-pa-restaurang-i-finspang-en-till-sjukhus\/a\/mailto:redaktion@omni.se\" class=\"ArticleActions_contactLink__W2F1M\" rel=\"nofollow noopener\" target=\"_blank\">Kontakta redaktionen<\/a><\/p>\n","protected":false},"excerpt":{"rendered":"En man i 45-\u00e5rs\u00e5ldern har f\u00f6rts till sjukhus efter ett br\u00e5k p\u00e5 en restaurang i Finsp\u00e5ng p\u00e5 fredagskv\u00e4llen,&hellip;\n","protected":false},"author":2,"featured_media":63825,"comment_status":"","ping_status":"","sticky":false,"template":"","format":"standard","meta":{"footnotes":""},"categories":[5],"tags":[22,23,128,26,27,5921,17,21,24,25,28,29,15,16,3659,18,34,31,33,32,30,19,20],"class_list":{"0":"post-63824","1":"post","2":"type-post","3":"status-publish","4":"format-standard","5":"has-post-thumbnail","7":"category-rubriker","8":"tag-breaking-news","9":"tag-breakingnews","10":"tag-brott","11":"tag-featured-news","12":"tag-featurednews","13":"tag-finspang","14":"tag-headlines","15":"tag-huvudnyheter","16":"tag-latest-news","17":"tag-latestnews","18":"tag-main-news","19":"tag-mainnews","20":"tag-news","21":"tag-nyheter","22":"tag-ostergotlands-lan","23":"tag-rubriker","24":"tag-se","25":"tag-svenska","26":"tag-sverige","27":"tag-sweden","28":"tag-swedish","29":"tag-top-stories","30":"tag-topstories"},"share_on_mastodon":{"url":"https:\/\/pubeurope.com\/@se\/115433102564846928","error":""},"_links":{"self":[{"href":"https:\/\/www.europesays.com\/se\/wp-json\/wp\/v2\/posts\/63824","targetHints":{"allow":["GET"]}}],"collection":[{"href":"https:\/\/www.europesays.com\/se\/wp-json\/wp\/v2\/posts"}],"about":[{"href":"https:\/\/www.europesays.com\/se\/wp-json\/wp\/v2\/types\/post"}],"author":[{"embeddable":true,"href":"https:\/\/www.europesays.com\/se\/wp-json\/wp\/v2\/users\/2"}],"replies":[{"embeddable":true,"href":"https:\/\/www.europesays.com\/se\/wp-json\/wp\/v2\/comments?post=63824"}],"version-history":[{"count":0,"href":"https:\/\/www.europesays.com\/se\/wp-json\/wp\/v2\/posts\/63824\/revisions"}],"wp:featuredmedia":[{"embeddable":true,"href":"https:\/\/www.europesays.com\/se\/wp-json\/wp\/v2\/media\/63825"}],"wp:attachment":[{"href":"https:\/\/www.europesays.com\/se\/wp-json\/wp\/v2\/media?parent=63824"}],"wp:term":[{"taxonomy":"category","embeddable":true,"href":"https:\/\/www.europesays.com\/se\/wp-json\/wp\/v2\/categories?post=63824"},{"taxonomy":"post_tag","embeddable":true,"href":"https:\/\/www.europesays.com\/se\/wp-json\/wp\/v2\/tags?post=63824"}],"curies":[{"name":"wp","href":"https:\/\/api.w.org\/{rel}","templated":true}]}}