{"id":63859,"date":"2025-10-25T06:49:09","date_gmt":"2025-10-25T06:49:09","guid":{"rendered":"https:\/\/www.europesays.com\/se\/63859\/"},"modified":"2025-10-25T06:49:09","modified_gmt":"2025-10-25T06:49:09","slug":"putin-kan-rakna-attackerar-inte-nato","status":"publish","type":"post","link":"https:\/\/www.europesays.com\/se\/63859\/","title":{"rendered":"Putin kan r\u00e4kna \u2013 attackerar inte Nato"},"content":{"rendered":"<p>Den tidigare Natochefen Jens Stoltenberg s\u00e4ger i en intervju med SvD att han i nul\u00e4get inte ser n\u00e5gon omedelbar fara f\u00f6r att Ryssland ska attackera ett Natoland. <\/p>\n<p>\u2013 Det \u00e4r inte f\u00f6r att Putin \u00e4r sn\u00e4ll, utan f\u00f6r att han kan r\u00e4kna. Han ser v\u00e5r milit\u00e4ra styrka, mot deras, och d\u00e5 f\u00f6rst\u00e5r han att det inte g\u00e5r, s\u00e4ger Stoltenberg. <\/p>\n<p>I intervjun pratar Stoltenberg om sin tid som chef f\u00f6r milit\u00e4ralliansen, en tid som kom att pr\u00e4glas av Rysslands fullskaliga invasion av Ukraina. Han s\u00e4ger att han under en period varje natt var beredd att v\u00e4ckas av ett telefonsamtal med besked om att en k\u00e4rnvapenattack var ig\u00e5ng. <\/p>\n<p>Omni \u00e4r politiskt obundna och oberoende. Vi str\u00e4var efter att ge fler perspektiv p\u00e5 nyheterna. Har du fr\u00e5gor eller synpunkter kring v\u00e5r rapportering? <a href=\"https:\/\/omni.se\/stoltenberg-putin-kan-rakna-attackerar-inte-nato\/a\/mailto:redaktion@omni.se\" class=\"ArticleActions_contactLink__W2F1M\" rel=\"nofollow noopener\" target=\"_blank\">Kontakta redaktionen<\/a><\/p>\n","protected":false},"excerpt":{"rendered":"Den tidigare Natochefen Jens Stoltenberg s\u00e4ger i en intervju med SvD att han i nul\u00e4get inte ser n\u00e5gon&hellip;\n","protected":false},"author":2,"featured_media":63860,"comment_status":"","ping_status":"","sticky":false,"template":"","format":"standard","meta":{"footnotes":""},"categories":[5],"tags":[22,23,267,26,27,17,21,4376,24,25,28,29,999,15,430,16,18,264,34,31,33,32,30,19,20],"class_list":{"0":"post-63859","1":"post","2":"type-post","3":"status-publish","4":"format-standard","5":"has-post-thumbnail","7":"category-rubriker","8":"tag-breaking-news","9":"tag-breakingnews","10":"tag-europa","11":"tag-featured-news","12":"tag-featurednews","13":"tag-headlines","14":"tag-huvudnyheter","15":"tag-jens-stoltenberg","16":"tag-latest-news","17":"tag-latestnews","18":"tag-main-news","19":"tag-mainnews","20":"tag-nato","21":"tag-news","22":"tag-norge","23":"tag-nyheter","24":"tag-rubriker","25":"tag-ryssland","26":"tag-se","27":"tag-svenska","28":"tag-sverige","29":"tag-sweden","30":"tag-swedish","31":"tag-top-stories","32":"tag-topstories"},"share_on_mastodon":{"url":"https:\/\/pubeurope.com\/@se\/115433476138250667","error":""},"_links":{"self":[{"href":"https:\/\/www.europesays.com\/se\/wp-json\/wp\/v2\/posts\/63859","targetHints":{"allow":["GET"]}}],"collection":[{"href":"https:\/\/www.europesays.com\/se\/wp-json\/wp\/v2\/posts"}],"about":[{"href":"https:\/\/www.europesays.com\/se\/wp-json\/wp\/v2\/types\/post"}],"author":[{"embeddable":true,"href":"https:\/\/www.europesays.com\/se\/wp-json\/wp\/v2\/users\/2"}],"replies":[{"embeddable":true,"href":"https:\/\/www.europesays.com\/se\/wp-json\/wp\/v2\/comments?post=63859"}],"version-history":[{"count":0,"href":"https:\/\/www.europesays.com\/se\/wp-json\/wp\/v2\/posts\/63859\/revisions"}],"wp:featuredmedia":[{"embeddable":true,"href":"https:\/\/www.europesays.com\/se\/wp-json\/wp\/v2\/media\/63860"}],"wp:attachment":[{"href":"https:\/\/www.europesays.com\/se\/wp-json\/wp\/v2\/media?parent=63859"}],"wp:term":[{"taxonomy":"category","embeddable":true,"href":"https:\/\/www.europesays.com\/se\/wp-json\/wp\/v2\/categories?post=63859"},{"taxonomy":"post_tag","embeddable":true,"href":"https:\/\/www.europesays.com\/se\/wp-json\/wp\/v2\/tags?post=63859"}],"curies":[{"name":"wp","href":"https:\/\/api.w.org\/{rel}","templated":true}]}}