{"id":63866,"date":"2025-10-25T07:06:08","date_gmt":"2025-10-25T07:06:08","guid":{"rendered":"https:\/\/www.europesays.com\/se\/63866\/"},"modified":"2025-10-25T07:06:08","modified_gmt":"2025-10-25T07:06:08","slug":"sjung-dig-friskare-korsang-ger-god-halsa-och-gemenskap","status":"publish","type":"post","link":"https:\/\/www.europesays.com\/se\/63866\/","title":{"rendered":"Sjung dig friskare! K\u00f6rs\u00e5ng ger god h\u00e4lsa och gemenskap"},"content":{"rendered":"<p> Mer \u00e4n bara musik<\/p>\n<p>Redan p\u00e5 1800-talet samlades m\u00e4nniskor f\u00f6r att sjunga f\u00f6r fred och samh\u00f6righet. I dag lever traditionen vidare i tusentals k\u00f6rer \u00f6ver landet, fr\u00e5n kyrkok\u00f6rer till amat\u00f6rensembler och \u201dAlla kan sjunga\u201d-k\u00f6rer d\u00e4r alla f\u00e5r vara med.<\/p>\n<p>\u201dI k\u00f6ren spelar det ingen roll vem du \u00e4r eller vad du g\u00f6r, du \u00e4r en kugge i en stor musikalisk kropp\u201d, s\u00e4ger Karin Eklundh. K\u00e4nslan av att vara del av n\u00e5got st\u00f6rre \u00e4r, enligt henne, en av nycklarna till k\u00f6rs\u00e5ngens starka st\u00e4llning i Sverige.<\/p>\n<p>K\u00f6rs\u00e5ng skapar gemenskap <\/p>\n<p>En av de st\u00f6rsta vinsterna med k\u00f6rs\u00e5ng f\u00f6r \u00e4ldre \u00e4r gemenskapen. Att tr\u00e4ffas regelbundet och sjunga tillsammans skapar b\u00e5de gl\u00e4dje och social samvaro. K\u00e4nslan av tillh\u00f6righet \u00e4r viktigt f\u00f6r att k\u00e4nna mening i livet.<\/p>\n<p>Karin Eklundh framh\u00e5ller att det inte kr\u00e4vs n\u00e5gon tidigare erfarenhet f\u00f6r att delta i k\u00f6rs\u00e5ng:<\/p>\n<p>\u201cDet finns ett stort utbud av k\u00f6rer som bjuder in alla till s\u00e5ng, utan krav p\u00e5 vare sig \u201dbra\u201d s\u00e5ngr\u00f6st eller notkunskap. Det fina med k\u00f6rlivet \u00e4r just detta, att det har en stor sp\u00e4nnvidd\u201d. <\/p>\n<p>\u00a0Hon till\u00e4gger: \u201cAtt sjunga \u00e4r en m\u00e4nsklig r\u00e4ttighet brukar vi s\u00e4ga.\u201d<\/p>\n<p><strong>L\u00e4s mer p\u00e5 News55:<\/strong> <a href=\"https:\/\/news55.se\/halsa\/har-hittar-pensionarer-styrka-och-gemenskap-genom-parkour\/\" rel=\"nofollow noopener\" target=\"_blank\">H\u00e4r hittar pension\u00e4rer styrka och gemenskap \u2013 genom parkour<\/a><\/p>\n<p><strong>Se \u00e4ven:<\/strong> <a href=\"https:\/\/www.dagensps.se\/privatekonomi\/sa-sparar-du-tusenlappar-i-vinter-at-gratis-fram-till-trettondagen\/\" rel=\"nofollow noopener\" target=\"_blank\">S\u00e5 sparar du tusenlappar i vinter: \u201c\u00c4t gratis fram till trettondagen\u201d\u00a0<br \/><\/a><\/p>\n<p>L\u00e4s mer fr\u00e5n News55 &#8211; v\u00e5rt nyhetsbrev \u00e4r kostnadsfritt:Prenumerera<\/p>\n","protected":false},"excerpt":{"rendered":"Mer \u00e4n bara musik Redan p\u00e5 1800-talet samlades m\u00e4nniskor f\u00f6r att sjunga f\u00f6r fred och samh\u00f6righet. I dag&hellip;\n","protected":false},"author":2,"featured_media":63867,"comment_status":"","ping_status":"","sticky":false,"template":"","format":"standard","meta":{"footnotes":""},"categories":[69],"tags":[5444,5924,113,112,5925,34,31,33,32,30],"class_list":{"0":"post-63866","1":"post","2":"type-post","3":"status-publish","4":"format-standard","5":"has-post-thumbnail","7":"category-halsa","8":"tag-aldre","9":"tag-gemenskap","10":"tag-halsa","11":"tag-health","12":"tag-korsang","13":"tag-se","14":"tag-svenska","15":"tag-sverige","16":"tag-sweden","17":"tag-swedish"},"share_on_mastodon":{"url":"https:\/\/pubeurope.com\/@se\/115433542952724764","error":""},"_links":{"self":[{"href":"https:\/\/www.europesays.com\/se\/wp-json\/wp\/v2\/posts\/63866","targetHints":{"allow":["GET"]}}],"collection":[{"href":"https:\/\/www.europesays.com\/se\/wp-json\/wp\/v2\/posts"}],"about":[{"href":"https:\/\/www.europesays.com\/se\/wp-json\/wp\/v2\/types\/post"}],"author":[{"embeddable":true,"href":"https:\/\/www.europesays.com\/se\/wp-json\/wp\/v2\/users\/2"}],"replies":[{"embeddable":true,"href":"https:\/\/www.europesays.com\/se\/wp-json\/wp\/v2\/comments?post=63866"}],"version-history":[{"count":0,"href":"https:\/\/www.europesays.com\/se\/wp-json\/wp\/v2\/posts\/63866\/revisions"}],"wp:featuredmedia":[{"embeddable":true,"href":"https:\/\/www.europesays.com\/se\/wp-json\/wp\/v2\/media\/63867"}],"wp:attachment":[{"href":"https:\/\/www.europesays.com\/se\/wp-json\/wp\/v2\/media?parent=63866"}],"wp:term":[{"taxonomy":"category","embeddable":true,"href":"https:\/\/www.europesays.com\/se\/wp-json\/wp\/v2\/categories?post=63866"},{"taxonomy":"post_tag","embeddable":true,"href":"https:\/\/www.europesays.com\/se\/wp-json\/wp\/v2\/tags?post=63866"}],"curies":[{"name":"wp","href":"https:\/\/api.w.org\/{rel}","templated":true}]}}