{"id":63888,"date":"2025-10-25T08:10:12","date_gmt":"2025-10-25T08:10:12","guid":{"rendered":"https:\/\/www.europesays.com\/se\/63888\/"},"modified":"2025-10-25T08:10:12","modified_gmt":"2025-10-25T08:10:12","slug":"trump-sitter-kvar-efter-nasta-val","status":"publish","type":"post","link":"https:\/\/www.europesays.com\/se\/63888\/","title":{"rendered":"Trump sitter kvar efter n\u00e4sta val"},"content":{"rendered":"<p>Publicerad 25 okt 2025 kl 09.33<\/p>\n<p>Donald Trump kommer att sitta kvar som president efter 2028.<\/p>\n<p>Det h\u00e4vdar hans tidigare chefsstrateg Steve Bannon.<\/p>\n<p>\u2013 Folk borde bara v\u00e4nja sig vid det, s\u00e4ger han i en intervju med The Economist.<\/p>\n<p>Senaste nyhetsklippen fr\u00e5n Expressen.<img   alt=\"\"\/><\/p>\n<p>Steve Bannon s\u00e4ger att det redan finns planer p\u00e5 hur Donald Trump ska kunna sitta kvar efter 2028, trots att grundlagen inte till\u00e5ter det.<\/p>\n<p>Foto: SGSAN \/ GLOAD 1.0.0.56 \/ The Mega Agency \/ TT NYHETSBYR\u00c5N<\/p>\n<p>\u00d6ppna bild i helsk\u00e4rm<img loading=\"lazy\"   alt=\"\"\/><\/p>\n<p>Donald Trump har sj\u00e4lv lyft id\u00e9n om att sitta kvar l\u00e4ngre \u00e4n till\u00e5tet.<\/p>\n<p>Foto: MARK SCHIEFELBEIN \/ AP TT NYHETSBYR\u00c5N<\/p>\n<p>\u00d6ppna bild i helsk\u00e4rm<\/p>\n<p><a href=\"https:\/\/www.expressen.se\/tagg\/person\/Steve%20Bannon\/\" rel=\"nofollow noopener\" target=\"_blank\">Steve Bannon<\/a>, <a href=\"https:\/\/www.expressen.se\/tagg\/person\/donald-trump\/\" rel=\"nofollow noopener\" target=\"_blank\">Donald Trumps<\/a> h\u00f6gerradikala chefsstrateg fr\u00e5n f\u00f6rra mandatperioden, h\u00e4vdar att det finns planer p\u00e5 hur hans tidigare chef ska kunna sitta kvar vid makten \u00e4ven efter 2028. Konstitutionens 22:a till\u00e4gg, som tydligt anger att en president bara f\u00e5r sitta tv\u00e5 mandatperioder, utg\u00f6r inget problem enligt Bannon.<\/p>\n<p>\u2013 Han kommer att f\u00e5 en tredje mandatperiod. Trump 28! Trump kommer att vara president 2028, s\u00e5 folk borde bara v\u00e4nja sig vid det, s\u00e4ger han i en intervju med <a href=\"https:\/\/www.economist.com\/insider\/the-insider\/inside-the-mind-of-maga-a-conversation-with-steve-bannon\" rel=\"nofollow noopener\" target=\"_blank\">The Economists<\/a> chefredakt\u00f6r Zanny Minton Beddoes och tidskriftens bitr\u00e4dande chefredakt\u00f6r Edward Carr.<\/p>\n<p>P\u00e5 fr\u00e5gan om konstitutionen svarar han:<\/p>\n<p>\u2013 Det finns m\u00e5nga olika alternativ. Vid ett l\u00e4mpligt tillf\u00e4lle kommer vi ber\u00e4tta om planen, men det finns en plan.<\/p>\n<p>\u201dN\u00f6dv\u00e4ndigt\u201d att Trump sitter kvar<\/p>\n<p>I intervjun s\u00e4ger Bannon att det \u00e4r troligare att Trump blir kvar som president efter 2028, \u00e4n det var att han skulle vinna valen b\u00e5de 2016 och 2024. Han menar ocks\u00e5 att det \u00e4r n\u00f6dv\u00e4ndigt f\u00f6r USA att han blir kvar.<\/p>\n<p>\u2013 Vi m\u00e5ste avsluta det vi p\u00e5b\u00f6rjat. Han \u00e4r ett redskap f\u00f6r Guds vilja, s\u00e4ger han.<\/p>\n<p>\u2013 Vi beh\u00f6ver honom under minst en mandatperiod till och det kommer han att f\u00e5 2028.<\/p>\n<p><a href=\"https:\/\/www.expressen.se\/tagg\/person\/donald-trump\/\" class=\"\" rel=\"nofollow noopener\" target=\"_blank\">Donald Trump<\/a> har sj\u00e4lv pratat \u00f6ppet om att sitta kvar som president vid m\u00e5nga tillf\u00e4llen. F\u00f6r n\u00e5gon vecka sedan lade han ut ett klipp p\u00e5 sociala medier som avbildade honom som president f\u00f6r evigt. Han s\u00e4ljer ocks\u00e5 kepsar med trycket \u201dTrump 2028\u201d.<\/p>\n<p>\u2013 M\u00e5nga m\u00e4nniskor vill att jag g\u00f6r det. Det finns s\u00e4tt som du kan g\u00f6ra det p\u00e5, sa han i en intervju med <a href=\"https:\/\/www.nbcnews.com\/politics\/donald-trump\/trump-third-term-white-house-methods-rcna198752\" rel=\"nofollow noopener\" target=\"_blank\">NBC News <\/a>tidigare i \u00e5r.\u00a0<\/p>\n","protected":false},"excerpt":{"rendered":"Publicerad 25 okt 2025 kl 09.33 Donald Trump kommer att sitta kvar som president efter 2028. Det h\u00e4vdar&hellip;\n","protected":false},"author":2,"featured_media":63889,"comment_status":"","ping_status":"","sticky":false,"template":"","format":"standard","meta":{"footnotes":""},"categories":[5],"tags":[22,23,26,27,17,21,24,25,45,28,29,15,16,198,1505,18,34,55,31,33,32,30,19,204,20],"class_list":{"0":"post-63888","1":"post","2":"type-post","3":"status-publish","4":"format-standard","5":"has-post-thumbnail","7":"category-rubriker","8":"tag-breaking-news","9":"tag-breakingnews","10":"tag-featured-news","11":"tag-featurednews","12":"tag-headlines","13":"tag-huvudnyheter","14":"tag-latest-news","15":"tag-latestnews","16":"tag-location-usa","17":"tag-main-news","18":"tag-mainnews","19":"tag-news","20":"tag-nyheter","21":"tag-person-donald-trump","22":"tag-person-steve-bannon","23":"tag-rubriker","24":"tag-se","25":"tag-sections-varlden","26":"tag-svenska","27":"tag-sverige","28":"tag-sweden","29":"tag-swedish","30":"tag-top-stories","31":"tag-topic-amerikansk-politik","32":"tag-topstories"},"share_on_mastodon":{"url":"https:\/\/pubeurope.com\/@se\/115433794630524593","error":""},"_links":{"self":[{"href":"https:\/\/www.europesays.com\/se\/wp-json\/wp\/v2\/posts\/63888","targetHints":{"allow":["GET"]}}],"collection":[{"href":"https:\/\/www.europesays.com\/se\/wp-json\/wp\/v2\/posts"}],"about":[{"href":"https:\/\/www.europesays.com\/se\/wp-json\/wp\/v2\/types\/post"}],"author":[{"embeddable":true,"href":"https:\/\/www.europesays.com\/se\/wp-json\/wp\/v2\/users\/2"}],"replies":[{"embeddable":true,"href":"https:\/\/www.europesays.com\/se\/wp-json\/wp\/v2\/comments?post=63888"}],"version-history":[{"count":0,"href":"https:\/\/www.europesays.com\/se\/wp-json\/wp\/v2\/posts\/63888\/revisions"}],"wp:featuredmedia":[{"embeddable":true,"href":"https:\/\/www.europesays.com\/se\/wp-json\/wp\/v2\/media\/63889"}],"wp:attachment":[{"href":"https:\/\/www.europesays.com\/se\/wp-json\/wp\/v2\/media?parent=63888"}],"wp:term":[{"taxonomy":"category","embeddable":true,"href":"https:\/\/www.europesays.com\/se\/wp-json\/wp\/v2\/categories?post=63888"},{"taxonomy":"post_tag","embeddable":true,"href":"https:\/\/www.europesays.com\/se\/wp-json\/wp\/v2\/tags?post=63888"}],"curies":[{"name":"wp","href":"https:\/\/api.w.org\/{rel}","templated":true}]}}