{"id":63894,"date":"2025-10-25T08:19:24","date_gmt":"2025-10-25T08:19:24","guid":{"rendered":"https:\/\/www.europesays.com\/se\/63894\/"},"modified":"2025-10-25T08:19:24","modified_gmt":"2025-10-25T08:19:24","slug":"befinner-mig-i-ett-svart-hal","status":"publish","type":"post","link":"https:\/\/www.europesays.com\/se\/63894\/","title":{"rendered":"\u201dBefinner mig i ett svart h\u00e5l\u201d"},"content":{"rendered":"<p>Publicerad 24 okt 2025 kl 15.17Uppdaterad 25 okt kl 07.32<\/p>\n<p>Skidskyttestj\u00e4rnan Julia Simon, 29, erk\u00e4nner sig skyldig kring \u00e5talspunkterna g\u00e4llande st\u00f6ld och bedr\u00e4geri. Nu d\u00f6ms hon till tre m\u00e5naders villkorligt f\u00e4ngelse och 15 000 euro i b\u00f6ter, rapporterar franska <a href=\"https:\/\/www.ledauphine.com\/faits-divers-justice\/2025\/10\/24\/affaire-du-vol-de-la-carte-bleue-julia-simon-jugee-ce-vendredi-pour-vol-et-escroquerie-slas?utm_source=sdrn%3Avg%3Aarticle%3AAv4JBr\" rel=\"nofollow noopener\" target=\"_blank\">Le Dauphine<\/a>.<\/p>\n<p>\u2013 Det k\u00e4nns som jag befinner mig i ett svart h\u00e5l, s\u00e4ger hon i r\u00e4tten enligt tidningen.<\/p>\n<p><img   alt=\"\"\/> <\/p>\n<p>Foto: VEGARD GR\u00d8TT \/ BILDBYR\u00c5N<\/p>\n<p>\u00d6ppna bild i helsk\u00e4rm<\/p>\n<p>Det var 2022 som Simons landslagskollega Justine Braisaz-Bouchet anm\u00e4lde henne f\u00f6r att Simon ska ha anv\u00e4nt Braisaz-Bouchets kontokort och gjort k\u00f6p f\u00f6r tiotusentals kronor.<\/p>\n<p>Tidigare har hon nekat till brott, men n\u00e4r hon under fredagen framtr\u00e4dde i domstolen erk\u00e4nde hon att hon beg\u00e5tt brotten.<\/p>\n<p>\u2013 Det det fanns inga ekonomiska motiv f\u00f6r mina handlingar. I dag tar jag det bara dag f\u00f6r dag, f\u00f6r att st\u00e5 framf\u00f6r dig kommer att f\u00e5 konsekvenser f\u00f6r min karri\u00e4r. Det var l\u00f6jligt och dumt, f\u00f6r jag beh\u00f6vde det inte, sa Simon enligt Le Dauphine.<\/p>\n<p>\u00c5klagaren yrkade p\u00e5 tv\u00e5 m\u00e5naders villkorlig f\u00e4ngelsedom och 20 000 euro i b\u00f6ter. F\u00f6rutom f\u00e4ngelsedomen och b\u00f6terna ska Simon ers\u00e4tta Justine Braisaz-Bouchet f\u00f6r r\u00e4tteg\u00e5ngskostnaderna och ska \u00e4ven betala 1 euro i b\u00f6ter till franska skidf\u00f6rbundet.<\/p>\n<p>Simon har tillh\u00f6rt skidskyttetoppen i flera \u00e5r och har bland annat tio VM-guld och har \u00e4ven vunnit den totala v\u00e4rldscupen en g\u00e5ng.<\/p>\n","protected":false},"excerpt":{"rendered":"Publicerad 24 okt 2025 kl 15.17Uppdaterad 25 okt kl 07.32 Skidskyttestj\u00e4rnan Julia Simon, 29, erk\u00e4nner sig skyldig kring&hellip;\n","protected":false},"author":2,"featured_media":63895,"comment_status":"","ping_status":"","sticky":false,"template":"","format":"standard","meta":{"footnotes":""},"categories":[5],"tags":[22,23,26,27,17,21,24,25,28,29,15,16,18,34,945,31,33,32,30,19,20],"class_list":{"0":"post-63894","1":"post","2":"type-post","3":"status-publish","4":"format-standard","5":"has-post-thumbnail","7":"category-rubriker","8":"tag-breaking-news","9":"tag-breakingnews","10":"tag-featured-news","11":"tag-featurednews","12":"tag-headlines","13":"tag-huvudnyheter","14":"tag-latest-news","15":"tag-latestnews","16":"tag-main-news","17":"tag-mainnews","18":"tag-news","19":"tag-nyheter","20":"tag-rubriker","21":"tag-se","22":"tag-sections-skidskytte","23":"tag-svenska","24":"tag-sverige","25":"tag-sweden","26":"tag-swedish","27":"tag-top-stories","28":"tag-topstories"},"share_on_mastodon":{"url":"https:\/\/pubeurope.com\/@se\/115433830001582027","error":""},"_links":{"self":[{"href":"https:\/\/www.europesays.com\/se\/wp-json\/wp\/v2\/posts\/63894","targetHints":{"allow":["GET"]}}],"collection":[{"href":"https:\/\/www.europesays.com\/se\/wp-json\/wp\/v2\/posts"}],"about":[{"href":"https:\/\/www.europesays.com\/se\/wp-json\/wp\/v2\/types\/post"}],"author":[{"embeddable":true,"href":"https:\/\/www.europesays.com\/se\/wp-json\/wp\/v2\/users\/2"}],"replies":[{"embeddable":true,"href":"https:\/\/www.europesays.com\/se\/wp-json\/wp\/v2\/comments?post=63894"}],"version-history":[{"count":0,"href":"https:\/\/www.europesays.com\/se\/wp-json\/wp\/v2\/posts\/63894\/revisions"}],"wp:featuredmedia":[{"embeddable":true,"href":"https:\/\/www.europesays.com\/se\/wp-json\/wp\/v2\/media\/63895"}],"wp:attachment":[{"href":"https:\/\/www.europesays.com\/se\/wp-json\/wp\/v2\/media?parent=63894"}],"wp:term":[{"taxonomy":"category","embeddable":true,"href":"https:\/\/www.europesays.com\/se\/wp-json\/wp\/v2\/categories?post=63894"},{"taxonomy":"post_tag","embeddable":true,"href":"https:\/\/www.europesays.com\/se\/wp-json\/wp\/v2\/tags?post=63894"}],"curies":[{"name":"wp","href":"https:\/\/api.w.org\/{rel}","templated":true}]}}