{"id":63900,"date":"2025-10-25T08:27:10","date_gmt":"2025-10-25T08:27:10","guid":{"rendered":"https:\/\/www.europesays.com\/se\/63900\/"},"modified":"2025-10-25T08:27:10","modified_gmt":"2025-10-25T08:27:10","slug":"bekraftat-shl-profilen-klar-for-malmo","status":"publish","type":"post","link":"https:\/\/www.europesays.com\/se\/63900\/","title":{"rendered":"Bekr\u00e4ftat: SHL-profilen klar f\u00f6r Malm\u00f6"},"content":{"rendered":"<p>P\u00e5 fredagen kunde <a href=\"https:\/\/hockeynews.se\/nyheter\/avslojar-beprovad-malskytt-klar-for-shl-klubb\" rel=\"nofollow noopener\" target=\"_blank\">Hockeynews<\/a> avsl\u00f6ja att Sebastian W\u00e4nnstr\u00f6m var klar f\u00f6r Malm\u00f6. <\/p>\n<p>Nu har SHL-klubben bekr\u00e4ftat \u00f6verg\u00e5ngen \u2013 och han \u00e4r tillg\u00e4nglig redan under l\u00f6rdagen.<\/p>\n<p>\u2013 Sebastian \u00e4r sugen p\u00e5 att visa vad han g\u00e5r f\u00f6r och har f\u00f6rberett sig p\u00e5 b\u00e4sta s\u00e4tt f\u00f6r den h\u00e4r chansen, s\u00e4ger sportchefen Alsenfelt till klubbens hemsida. <\/p>\n<p class=\"\">P\u00e5 l\u00f6rdagsmorgonen bekr\u00e4ftar Malm\u00f6 Redhawks Hockeynews uppgifter om att den 34-\u00e5rige forwarden Sebastian W\u00e4nnstr\u00f6m har skrivit p\u00e5 ett korttidskontrakt med klubben.<\/p>\n<p class=\"\">\u2013 Sebastian \u00e4r en erfaren spelare som b\u00e5de vunnit och spelat p\u00e5 h\u00f6g niv\u00e5 i olika ligor, s\u00e4ger sportchef Oscar Alsenfelt til klubbens hemsida. <\/p>\n<p class=\"\">Med flera bortfall p\u00e5 forwardssidan v\u00e4ljer Malm\u00f6 att agera inf\u00f6r forts\u00e4ttningen av SHL-s\u00e4songen. In kommer allts\u00e5 den tidigare SM-guldvinnaren med Bryn\u00e4s, som senast representerade Vasa i finska Liiga.<\/p>\n<p class=\"\">\u2013 Sebastian \u00e4r sugen p\u00e5 att visa vad han g\u00e5r f\u00f6r och har f\u00f6rberett sig p\u00e5 b\u00e4sta s\u00e4tt f\u00f6r den h\u00e4r chansen. Vi \u00e4r glada att v\u00e4lkomna honom till Redhawks, s\u00e4ger Alsenfelt.<\/p>\n<p class=\"\">W\u00e4nnstr\u00f6m har en l\u00e5ng karri\u00e4r bakom sig med erfarenhet fr\u00e5n b\u00e5de svensk och internationell hockey. I SHL har han spelat f\u00f6r Bryn\u00e4s, HV71 och Leksand, och utomlands har han representerat klubbar i Schweiz, USA, Tyskland, Norge och Finland.<\/p>\n<p class=\"\">\u2013 Det k\u00e4nns riktigt inspirerande att komma till Malm\u00f6 Redhawks. Sedan f\u00f6rsta samtalet har allt g\u00e5tt v\u00e4ldigt fort, men jag \u00e4r redo och ser fram emot att dra ig\u00e5ng, tr\u00e4ffa grabbarna och bidra b\u00e5de p\u00e5 och utanf\u00f6r isen, s\u00e4ger Sebastian W\u00e4nnstr\u00f6m till hemsidan. <\/p>\n<p class=\"\">Forwarden ansluter till laget omedelbart och \u00e4r tillg\u00e4nglig f\u00f6r spel redan i l\u00f6rdagens m\u00f6te med V\u00e4xj\u00f6 Lakers.<\/p>\n<p class=\"\">Samtidigt bekr\u00e4ftar Malm\u00f6 att Freddie Larsson kallas hem fr\u00e5n sin l\u00e5nesejour i Karlskrona HK, d\u00e4r han gjort fem assist p\u00e5 sju matcher i Hockeyettan.<\/p>\n<p><a class=\"block my-8\" href=\"https:\/\/hockeynews.se\/hockeynewsguiden\/malmo-redhawks\" rel=\"nofollow noopener\" target=\"_blank\"><img alt=\"\" loading=\"lazy\" width=\"1080\" height=\"200\" decoding=\"async\" data-nimg=\"1\" style=\"color:transparent\" src=\"https:\/\/www.europesays.com\/se\/wp-content\/uploads\/2025\/10\/Xc0MRBChU3sEUujxs5Prn6ZIxLpoGdQrAHj3XDii.png\"\/><\/a>Kommentarer TopprankadeSenaste\u00c4ldstaTrendar<\/p>\n<p>Skaffa PLUS f\u00f6r att kommentera<\/p>\n<p>Med en aktiv PLUS-prenumeration kan du kommentera, svara p\u00e5 andra och gilla kommentarer.<\/p>\n<p><a class=\"btn-primary btn-small\" href=\"https:\/\/hockeynews.se\/plus\" rel=\"nofollow noopener\" target=\"_blank\">Skaffa PLUS<\/a><\/p>\n<p><a class=\"text-yellow underline font-bold\" href=\"https:\/\/hockeynews.se\/plus\" rel=\"nofollow noopener\" target=\"_blank\">PLUS<\/a> &#8211; 1 m\u00e5nad gratis! (s\u00e4g upp n\u00e4r du vill)<\/p>\n<p>Halva priset p\u00e5 TV4 Play Sport Hockey \u2013 <a class=\"text-yellow underline\" href=\"https:\/\/www.tv4play.se\/kampanj\/hockeynewshockey\" rel=\"nofollow noopener\" target=\"_blank\">f\u00e5 kod med Hockeynews h\u00e4r!<\/a> (Annons)<\/p>\n","protected":false},"excerpt":{"rendered":"P\u00e5 fredagen kunde Hockeynews avsl\u00f6ja att Sebastian W\u00e4nnstr\u00f6m var klar f\u00f6r Malm\u00f6. Nu har SHL-klubben bekr\u00e4ftat \u00f6verg\u00e5ngen \u2013&hellip;\n","protected":false},"author":2,"featured_media":63901,"comment_status":"","ping_status":"","sticky":false,"template":"","format":"standard","meta":{"footnotes":""},"categories":[5],"tags":[22,23,26,27,17,21,24,25,28,29,15,16,18,34,31,33,32,30,19,20],"class_list":{"0":"post-63900","1":"post","2":"type-post","3":"status-publish","4":"format-standard","5":"has-post-thumbnail","7":"category-rubriker","8":"tag-breaking-news","9":"tag-breakingnews","10":"tag-featured-news","11":"tag-featurednews","12":"tag-headlines","13":"tag-huvudnyheter","14":"tag-latest-news","15":"tag-latestnews","16":"tag-main-news","17":"tag-mainnews","18":"tag-news","19":"tag-nyheter","20":"tag-rubriker","21":"tag-se","22":"tag-svenska","23":"tag-sverige","24":"tag-sweden","25":"tag-swedish","26":"tag-top-stories","27":"tag-topstories"},"share_on_mastodon":{"url":"https:\/\/pubeurope.com\/@se\/115433861504139434","error":""},"_links":{"self":[{"href":"https:\/\/www.europesays.com\/se\/wp-json\/wp\/v2\/posts\/63900","targetHints":{"allow":["GET"]}}],"collection":[{"href":"https:\/\/www.europesays.com\/se\/wp-json\/wp\/v2\/posts"}],"about":[{"href":"https:\/\/www.europesays.com\/se\/wp-json\/wp\/v2\/types\/post"}],"author":[{"embeddable":true,"href":"https:\/\/www.europesays.com\/se\/wp-json\/wp\/v2\/users\/2"}],"replies":[{"embeddable":true,"href":"https:\/\/www.europesays.com\/se\/wp-json\/wp\/v2\/comments?post=63900"}],"version-history":[{"count":0,"href":"https:\/\/www.europesays.com\/se\/wp-json\/wp\/v2\/posts\/63900\/revisions"}],"wp:featuredmedia":[{"embeddable":true,"href":"https:\/\/www.europesays.com\/se\/wp-json\/wp\/v2\/media\/63901"}],"wp:attachment":[{"href":"https:\/\/www.europesays.com\/se\/wp-json\/wp\/v2\/media?parent=63900"}],"wp:term":[{"taxonomy":"category","embeddable":true,"href":"https:\/\/www.europesays.com\/se\/wp-json\/wp\/v2\/categories?post=63900"},{"taxonomy":"post_tag","embeddable":true,"href":"https:\/\/www.europesays.com\/se\/wp-json\/wp\/v2\/tags?post=63900"}],"curies":[{"name":"wp","href":"https:\/\/api.w.org\/{rel}","templated":true}]}}