{"id":63902,"date":"2025-10-25T08:29:07","date_gmt":"2025-10-25T08:29:07","guid":{"rendered":"https:\/\/www.europesays.com\/se\/63902\/"},"modified":"2025-10-25T08:29:07","modified_gmt":"2025-10-25T08:29:07","slug":"rasmus-seppanen-stammer-summer-on-i-bastad-efter-olyckan","status":"publish","type":"post","link":"https:\/\/www.europesays.com\/se\/63902\/","title":{"rendered":"Rasmus Sepp\u00e4nen st\u00e4mmer Summer on i B\u00e5stad efter olyckan"},"content":{"rendered":"<p>Publicerad 25 okt 2025 kl 07.26Uppdaterad kl 09.30<\/p>\n<p>Tio skruvar i ryggen och n\u00e5gra ipren innan t\u00e4vling.<\/p>\n<p>Rasmus Sepp\u00e4nen \u00e4r glad \u00f6ver att bara kunna spela golf efter olyckan p\u00e5 Summer on i B\u00e5stad.<\/p>\n<p>Nu st\u00e4mmer 22-\u00e5ringen festivalen p\u00e5 4,4 miljoner kronor.<\/p>\n<p><img   alt=\"\"\/><\/p>\n<p>Rasmus Sepp\u00e4nen.<\/p>\n<p>Foto: Privat<\/p>\n<p>\u00d6ppna bild i helsk\u00e4rm<img loading=\"lazy\"   alt=\"\"\/><\/p>\n<p>Festivalen Summer on i B\u00e5stad.<\/p>\n<p>Foto: TOMAS LEPRINCE<\/p>\n<p>\u00d6ppna bild i helsk\u00e4rm<\/p>\n<p>Det \u00e4r f\u00f6rmiddag i Pennsylvania och Rasmus Sepp\u00e4nen \u00e4r mellan lektioner.<\/p>\n<p>22-\u00e5ringen fr\u00e5n <a href=\"https:\/\/www.expressen.se\/tagg\/location\/bastad\/\" class=\"\" rel=\"nofollow noopener\" target=\"_blank\">B\u00e5stad<\/a> \u00e4r inne p\u00e5 sitt fj\u00e4rde \u00e5r p\u00e5 Gannon University.<\/p>\n<p>\u2013 Det \u00e4r h\u00f6gre niv\u00e5 h\u00e4r \u00e4n vad jag spelat innan. Det \u00e4r tuff konkurrens varje vecka, b\u00e5de n\u00e4r man spelar mot andra lag och n\u00e4r vi t\u00e4vlar internt inom laget. Det kr\u00e4vs mycket noggrannhet i alla moment, s\u00e4ger han.<\/p>\n<p>Just noggrannheten lyfter han fram som sin styrka. De senaste \u00e5ren har han tvingats bli \u00e4nnu mer noggrann.<\/p>\n<p>\u2013 F\u00f6r att undvika sm\u00e4rtan kr\u00e4vs det mer arbete och mer specifik tr\u00e4ning.<\/p>\n<p>Vissa \u00f6vningar skippar han helt, det g\u00e5r inte l\u00e4ngre. Rasmus Sepp\u00e4nen spelar med tio skruvar i ryggen.<\/p>\n<p>\u2013 Det \u00e4r m\u00e5nga t\u00e4vlingar d\u00e4r en del av uppv\u00e4rmningen \u00e4r att ta n\u00e5gra ipren f\u00f6r att kunna ta sig runt p\u00e5 banan sm\u00e4rtfritt. Den h\u00e4r s\u00e4songen har det varit n\u00e5got som st\u00f6rt i ryggen i m\u00e5nga t\u00e4vlingar.<\/p>\n<p>\u2013 S\u00e5 kommer jag ha det fram\u00f6ver i m\u00e5nga \u00e5r. Det g\u00e4ller att l\u00e4gga ner jobbet som kr\u00e4vs f\u00f6r att det inte ska g\u00f6ra ont, men ibland kommer den ifatt.<\/p>\n<p>Olycka p\u00e5 festival i B\u00e5stad<\/p>\n<p>Efter f\u00f6rsta \u00e5ret p\u00e5 college f\u00f6r\u00e4ndrades hans f\u00f6ruts\u00e4ttningar.<\/p>\n<p>Det var sommaren 2023, under festivalen Summer on i B\u00e5stad, som en belysningsmast f\u00f6ll och tr\u00e4ffade Rasmus i huvudet. Efter olyckan v\u00e5rdades han p\u00e5 intensivv\u00e5rdsavdelningen.<\/p>\n<p><strong>Hur t\u00e4nker du tillbaka p\u00e5 olyckan i dag?<\/strong><\/p>\n<p>\u2013 Jag f\u00f6rs\u00f6ker t\u00e4nka att det inte \u00e4r n\u00e5got definierande h\u00e4ndelse i mitt liv. Att den h\u00e4r personen var jag innan skadan och den h\u00e4r \u00e4r jag efter skadan.<\/p>\n<p>\u2013\u00a0Jag fick lite perspektiv p\u00e5 det som \u00e4r viktigt i livet, att uppskatta det man har. Det var s\u00e5 m\u00e5nga som st\u00f6ttade mig och fortfarande g\u00f6r.<\/p>\n<p><img loading=\"lazy\"   alt=\"\"\/><\/p>\n<p>Rasmus lyfter st\u00f6det fr\u00e5n n\u00e4ra och k\u00e4ra under den tuffa tiden p\u00e5 sjukhuset. H\u00e4r tillsammans med syster Alexandra.<\/p>\n<p>Foto: Privat<\/p>\n<p>\u00d6ppna bild i helsk\u00e4rm<img loading=\"lazy\"   alt=\"\"\/> <\/p>\n<p>Foto: Privat<\/p>\n<p>\u00d6ppna bild i helsk\u00e4rm<\/p>\n<p>Den d\u00e5 20-\u00e5rige Rasmus riskerade att beh\u00f6va bli stelopererad i hela ryggen.<\/p>\n<p>\u2013 De ville f\u00e4sta nacken s\u00e5 att jag inte kunde rotera, det \u00e4r ju ganska viktigt i golf, s\u00e4ger han med ett leende. Det brukar underl\u00e4tta.<\/p>\n<p>Att ta sig tillbaka till golfen best\u00e4mde han sig f\u00f6r direkt.<\/p>\n<p>\u2013 Det var p\u00e5 millimetern att jag inte ens kunde g\u00e5 l\u00e4ngre. Men s\u00e5 fort jag k\u00e4nde att mina ben fungerar, mina armar fungerar och operationen kommer g\u00e5 bra med de skruvarna t\u00e4nkte jag att det betyder att jag kommer kunna spela golf igen.<\/p>\n<p>\u2013 D\u00e5 f\u00e5r vi ta vara p\u00e5 den h\u00e4r g\u00e5van. Okej, allt gick bra och d\u00e5 kan vi inte bara sl\u00e4nga bort golfen. Nu m\u00e5ste vi fokusera \u00e4nnu h\u00e5rdare och tr\u00e4na \u00e4nnu mer.<\/p>\n<p>Annons<\/p>\n<p>Kr\u00e4ver 4,4 miljoner kronor\u00a0<\/p>\n<p>Polisen inledde en f\u00f6runders\u00f6kning efter h\u00e4ndelsen p\u00e5 festivalen, <a href=\"https:\/\/www.hd.se\/bastad\/ingen-stalls-till-svars-for-allvarliga-summer-on-olyckan\/\" rel=\"nofollow noopener\" target=\"_blank\">men den las ner kort d\u00e4refter.<\/a><\/p>\n<p>Nu har Rasmus st\u00e4mt Summer on och beg\u00e4r 4,4 miljoner kronor i skadest\u00e5nd.<\/p>\n<p>\u2013 Det \u00e4r ett p\u00e5g\u00e5ende \u00e4rende, s\u00e5 jag vill inte g\u00e5 in p\u00e5 detaljer. I grunden handlar det om ansvar, att ingen annan ska beh\u00f6va g\u00e5 igenom samma sak, s\u00e4ger han och forts\u00e4tter:<\/p>\n<p>\u2013 F\u00f6r mig handlar det om att kunna forts\u00e4tta satsa p\u00e5 det jag \u00e4lskar, utan att skadan och sm\u00e4rtan blir ett hinder.<\/p>\n<p><img loading=\"lazy\"   alt=\"\"\/><\/p>\n<p>Rasmus tvivlade aldrig p\u00e5 att forts\u00e4tta med sin satsning.<\/p>\n<p>Foto: Privat<\/p>\n<p>\u00d6ppna bild i helsk\u00e4rm<\/p>\n<p>Skadest\u00e5ndet ska t\u00e4cka sjukv\u00e5rdskostnad, inkomstf\u00f6rlust och fysiskt och psykiskt lidande, enligt st\u00e4mningsans\u00f6kan.<\/p>\n<p>Rasmus advokat menar i st\u00e4mningsans\u00f6kan att olyckan orsakades av v\u00e5rdsl\u00f6shet fr\u00e5n festivalarrang\u00f6rens sida.<\/p>\n<p>\u201dSom tidigare s\u00e5 \u00e4r vi otroligt ledsna \u00f6ver olyckan som h\u00e4nde Rasmus. V\u00e5r st\u00e4llning \u00e4r just den, som \u00e4ven polis och f\u00f6rs\u00e4kringsbolaget har landat i, att det var en olycksh\u00e4ndelse.\u201d, skriver Fredrik Olofsson, vd f\u00f6r Summer on, i en kommentar till Expressen.<\/p>\n<p>Rasmus Sepp\u00e4nen kommer plugga p\u00e5 college i tv\u00e5 \u00e5r till. Han ska ta igen \u00e5ret han missade p\u00e5 grund av skadan.<\/p>\n<p>\u2013 Till sommaren planerar jag att spela n\u00e5gra kval, US Open-kval och m\u00f6jligtvis The Open-kvalet ocks\u00e5, s\u00e4ger 22-\u00e5ringen.<\/p>\n<p>\u2013 Och n\u00e4r skolan \u00e4r f\u00e4rdig \u00e4r det full satsning. Jag har s\u00e5 pass mycket tro p\u00e5 mig sj\u00e4lv att jag vill f\u00f6rs\u00f6ka se hur l\u00e5ngt jag kan g\u00e5.<\/p>\n","protected":false},"excerpt":{"rendered":"Publicerad 25 okt 2025 kl 07.26Uppdaterad kl 09.30 Tio skruvar i ryggen och n\u00e5gra ipren innan t\u00e4vling. Rasmus&hellip;\n","protected":false},"author":2,"featured_media":63903,"comment_status":"","ping_status":"","sticky":false,"template":"","format":"standard","meta":{"footnotes":""},"categories":[68],"tags":[5928,34,895,111,110,31,33,32,30],"class_list":{"0":"post-63902","1":"post","2":"type-post","3":"status-publish","4":"format-standard","5":"has-post-thumbnail","7":"category-sport","8":"tag-location-bastad","9":"tag-se","10":"tag-sections-golf","11":"tag-sport","12":"tag-sports","13":"tag-svenska","14":"tag-sverige","15":"tag-sweden","16":"tag-swedish"},"share_on_mastodon":{"url":"https:\/\/pubeurope.com\/@se\/115433869333671816","error":""},"_links":{"self":[{"href":"https:\/\/www.europesays.com\/se\/wp-json\/wp\/v2\/posts\/63902","targetHints":{"allow":["GET"]}}],"collection":[{"href":"https:\/\/www.europesays.com\/se\/wp-json\/wp\/v2\/posts"}],"about":[{"href":"https:\/\/www.europesays.com\/se\/wp-json\/wp\/v2\/types\/post"}],"author":[{"embeddable":true,"href":"https:\/\/www.europesays.com\/se\/wp-json\/wp\/v2\/users\/2"}],"replies":[{"embeddable":true,"href":"https:\/\/www.europesays.com\/se\/wp-json\/wp\/v2\/comments?post=63902"}],"version-history":[{"count":0,"href":"https:\/\/www.europesays.com\/se\/wp-json\/wp\/v2\/posts\/63902\/revisions"}],"wp:featuredmedia":[{"embeddable":true,"href":"https:\/\/www.europesays.com\/se\/wp-json\/wp\/v2\/media\/63903"}],"wp:attachment":[{"href":"https:\/\/www.europesays.com\/se\/wp-json\/wp\/v2\/media?parent=63902"}],"wp:term":[{"taxonomy":"category","embeddable":true,"href":"https:\/\/www.europesays.com\/se\/wp-json\/wp\/v2\/categories?post=63902"},{"taxonomy":"post_tag","embeddable":true,"href":"https:\/\/www.europesays.com\/se\/wp-json\/wp\/v2\/tags?post=63902"}],"curies":[{"name":"wp","href":"https:\/\/api.w.org\/{rel}","templated":true}]}}