{"id":63904,"date":"2025-10-25T08:36:11","date_gmt":"2025-10-25T08:36:11","guid":{"rendered":"https:\/\/www.europesays.com\/se\/63904\/"},"modified":"2025-10-25T08:36:11","modified_gmt":"2025-10-25T08:36:11","slug":"kvantdatorn-star-pa-troskeln-till-ett-genombrott-efter-artionden-av-forskning","status":"publish","type":"post","link":"https:\/\/www.europesays.com\/se\/63904\/","title":{"rendered":"Kvantdatorn st\u00e5r p\u00e5 tr\u00f6skeln till ett genombrott \u2013 efter \u00e5rtionden av forskning"},"content":{"rendered":"<p>Den h\u00e4nger fr\u00e5n taket, stor, rund och gyllene. Kvantdatorn liknar mer en lampkrona \u00e4n en dator, men s\u00e5 \u00e4r det ocks\u00e5 stora skillnader mellan de b\u00e5da maskinerna. <\/p>\n<p>Kvantteknologin b\u00e4r p\u00e5 l\u00f6ften om att f\u00f6r\u00e4ndra allt \u2013 fr\u00e5n hur vi skapar nya l\u00e4kemedel till att kn\u00e4cka all v\u00e4rldens krypteringar. Sverige har varit tidigt ute. Men M\u00e5rten Skogh vet att racet bara har b\u00f6rjat.<\/p>\n","protected":false},"excerpt":{"rendered":"Den h\u00e4nger fr\u00e5n taket, stor, rund och gyllene. Kvantdatorn liknar mer en lampkrona \u00e4n en dator, men s\u00e5&hellip;\n","protected":false},"author":2,"featured_media":63905,"comment_status":"","ping_status":"","sticky":false,"template":"","format":"standard","meta":{"footnotes":""},"categories":[5],"tags":[22,23,26,27,17,21,24,25,28,29,15,16,18,34,31,33,32,30,19,20],"class_list":{"0":"post-63904","1":"post","2":"type-post","3":"status-publish","4":"format-standard","5":"has-post-thumbnail","7":"category-rubriker","8":"tag-breaking-news","9":"tag-breakingnews","10":"tag-featured-news","11":"tag-featurednews","12":"tag-headlines","13":"tag-huvudnyheter","14":"tag-latest-news","15":"tag-latestnews","16":"tag-main-news","17":"tag-mainnews","18":"tag-news","19":"tag-nyheter","20":"tag-rubriker","21":"tag-se","22":"tag-svenska","23":"tag-sverige","24":"tag-sweden","25":"tag-swedish","26":"tag-top-stories","27":"tag-topstories"},"share_on_mastodon":{"url":"https:\/\/pubeurope.com\/@se\/115433896873364965","error":""},"_links":{"self":[{"href":"https:\/\/www.europesays.com\/se\/wp-json\/wp\/v2\/posts\/63904","targetHints":{"allow":["GET"]}}],"collection":[{"href":"https:\/\/www.europesays.com\/se\/wp-json\/wp\/v2\/posts"}],"about":[{"href":"https:\/\/www.europesays.com\/se\/wp-json\/wp\/v2\/types\/post"}],"author":[{"embeddable":true,"href":"https:\/\/www.europesays.com\/se\/wp-json\/wp\/v2\/users\/2"}],"replies":[{"embeddable":true,"href":"https:\/\/www.europesays.com\/se\/wp-json\/wp\/v2\/comments?post=63904"}],"version-history":[{"count":0,"href":"https:\/\/www.europesays.com\/se\/wp-json\/wp\/v2\/posts\/63904\/revisions"}],"wp:featuredmedia":[{"embeddable":true,"href":"https:\/\/www.europesays.com\/se\/wp-json\/wp\/v2\/media\/63905"}],"wp:attachment":[{"href":"https:\/\/www.europesays.com\/se\/wp-json\/wp\/v2\/media?parent=63904"}],"wp:term":[{"taxonomy":"category","embeddable":true,"href":"https:\/\/www.europesays.com\/se\/wp-json\/wp\/v2\/categories?post=63904"},{"taxonomy":"post_tag","embeddable":true,"href":"https:\/\/www.europesays.com\/se\/wp-json\/wp\/v2\/tags?post=63904"}],"curies":[{"name":"wp","href":"https:\/\/api.w.org\/{rel}","templated":true}]}}