{"id":63906,"date":"2025-10-25T08:38:18","date_gmt":"2025-10-25T08:38:18","guid":{"rendered":"https:\/\/www.europesays.com\/se\/63906\/"},"modified":"2025-10-25T08:38:18","modified_gmt":"2025-10-25T08:38:18","slug":"fotboll-tony-gustavsson-om-sveriges-sena-byten-vill-inte-rycka-sonder-spelet","status":"publish","type":"post","link":"https:\/\/www.europesays.com\/se\/63906\/","title":{"rendered":"Fotboll: Tony Gustavsson om Sveriges sena byten: \u201dVill inte rycka s\u00f6nder spelet\u201d"},"content":{"rendered":"<p>Sverige hade en mardr\u00f6m till f\u00f6rsta halvlek borta mot regerande v\u00e4rldsm\u00e4starna Spanien. <\/p>\n<p>Spanjorskorna gick upp till 3\u20130 efter 35 minuter och var d\u00e4rut\u00f6ver en tajt offsideavbl\u00e5sning fr\u00e5n en straffspark. <\/p>\n<p>Trots det tidiga underl\u00e4get dr\u00f6jde debuterande f\u00f6rbundskaptenen Tony Gustavsson l\u00e4nge med sitt f\u00f6rsta drag. <\/p>\n<p>V\u00e4ntade med f\u00f6rsta bytet <\/p>\n<p>Matchen var 76 minuter gammal n\u00e4r Stina Blackstenius plockades av till f\u00f6rm\u00e5n f\u00f6r H\u00e4ckens stj\u00e4rnskott Felicia Schr\u00f6der. <\/p>\n<p>\u2013 Jag tycker vi g\u00f6r det bra i l\u00e5nga stunder i andra halvlek och d\u00e5 ville jag inte rycka s\u00f6nder det, s\u00e4ger Tony Gustavsson efter 0\u20134-f\u00f6rlusten. <\/p>\n<p>\u2013 Hade de (bytena) gjorts tidigare hade det nog f\u00e5tt en viss annan energi, s\u00e4ger Lotta Schelin i SVT:s studio. <\/p>\n<p>Hennes expertkollega Elena Sadiku fyller i: <\/p>\n<p>\u2013 Jag t\u00e4nker Schr\u00f6der till exempel&#8230; hon kanske skulle ha kommit in lite tidigare f\u00f6r att ge henne lite mer tid att komma in i det. <\/p>\n<p>Resultatet inneb\u00e4r att Sverige \u00e4r i rej\u00e4l brygga inf\u00f6r returm\u00f6tet i Nations League-semifinalen, som spelas p\u00e5 Gamla Ullevi p\u00e5 tisdag. <\/p>\n","protected":false},"excerpt":{"rendered":"Sverige hade en mardr\u00f6m till f\u00f6rsta halvlek borta mot regerande v\u00e4rldsm\u00e4starna Spanien. Spanjorskorna gick upp till 3\u20130 efter&hellip;\n","protected":false},"author":2,"featured_media":63907,"comment_status":"","ping_status":"","sticky":false,"template":"","format":"standard","meta":{"footnotes":""},"categories":[68],"tags":[34,111,110,31,33,32,30],"class_list":{"0":"post-63906","1":"post","2":"type-post","3":"status-publish","4":"format-standard","5":"has-post-thumbnail","7":"category-sport","8":"tag-se","9":"tag-sport","10":"tag-sports","11":"tag-svenska","12":"tag-sverige","13":"tag-sweden","14":"tag-swedish"},"share_on_mastodon":{"url":"https:\/\/pubeurope.com\/@se\/115433904705727160","error":""},"_links":{"self":[{"href":"https:\/\/www.europesays.com\/se\/wp-json\/wp\/v2\/posts\/63906","targetHints":{"allow":["GET"]}}],"collection":[{"href":"https:\/\/www.europesays.com\/se\/wp-json\/wp\/v2\/posts"}],"about":[{"href":"https:\/\/www.europesays.com\/se\/wp-json\/wp\/v2\/types\/post"}],"author":[{"embeddable":true,"href":"https:\/\/www.europesays.com\/se\/wp-json\/wp\/v2\/users\/2"}],"replies":[{"embeddable":true,"href":"https:\/\/www.europesays.com\/se\/wp-json\/wp\/v2\/comments?post=63906"}],"version-history":[{"count":0,"href":"https:\/\/www.europesays.com\/se\/wp-json\/wp\/v2\/posts\/63906\/revisions"}],"wp:featuredmedia":[{"embeddable":true,"href":"https:\/\/www.europesays.com\/se\/wp-json\/wp\/v2\/media\/63907"}],"wp:attachment":[{"href":"https:\/\/www.europesays.com\/se\/wp-json\/wp\/v2\/media?parent=63906"}],"wp:term":[{"taxonomy":"category","embeddable":true,"href":"https:\/\/www.europesays.com\/se\/wp-json\/wp\/v2\/categories?post=63906"},{"taxonomy":"post_tag","embeddable":true,"href":"https:\/\/www.europesays.com\/se\/wp-json\/wp\/v2\/tags?post=63906"}],"curies":[{"name":"wp","href":"https:\/\/api.w.org\/{rel}","templated":true}]}}