{"id":63908,"date":"2025-10-25T08:44:11","date_gmt":"2025-10-25T08:44:11","guid":{"rendered":"https:\/\/www.europesays.com\/se\/63908\/"},"modified":"2025-10-25T08:44:11","modified_gmt":"2025-10-25T08:44:11","slug":"doda-kroppar-pa-strander-i-trinidad-ett-mysterium","status":"publish","type":"post","link":"https:\/\/www.europesays.com\/se\/63908\/","title":{"rendered":"D\u00f6da kroppar p\u00e5 str\u00e4nder i Trinidad ett mysterium"},"content":{"rendered":"<p class=\"sc-c25743f0-0 sc-e37c0145-2 hObFds DQgPn\"><strong>USA har attackerat flera \u201dknarkb\u00e5tar\u201d utanf\u00f6r Venezuelas kust de senaste veckorna. <br \/>\u00d6ver 40 personer har d\u00f6dats. <br \/>Nu trappar USA upp ytterligare milit\u00e4rt i omr\u00e5det.<br \/>Samtidigt v\u00e4cks fr\u00e5gor i Trinidad, efter att tv\u00e5 kroppar spolats upp p\u00e5 str\u00e4nder.<\/strong><\/p>\n<p class=\"sc-c25743f0-0 sc-e37c0145-2 hObFds DQgPn\">Den f\u00f6rsta kroppen spolades upp i Cumana p\u00e5 Trinidads nord\u00f6stra kust efter USA:s f\u00f6rsta attack mot en b\u00e5t i Karibien i b\u00f6rjan av september. Enligt Trump var attacken riktad mot en b\u00e5t som transporterade droger till USA och d\u00f6dade elva \u201dterrorister\u201d.<\/p>\n<p class=\"sc-c25743f0-0 sc-e37c0145-2 hObFds DQgPn\">Enligt vittnen hade kroppen br\u00e4nnskador i ansiktet och saknade lemmar, som om den utsatts f\u00f6r en explosion. N\u00e5gra dagar senare spolades \u00e4nnu en kropp upp p\u00e5 en strand n\u00e4rheten. I det fallet var ocks\u00e5 ansiktet oigenk\u00e4nnligt och h\u00f6gerbenet verkade ha spr\u00e4ngts bort.<\/p>\n<p>Mysterium<\/p>\n<p class=\"sc-c25743f0-0 sc-e37c0145-2 hObFds DQgPn\">De d\u00f6da kropparna har blivit ett mysterium i Trinidad och Tobago, rapporterar <a href=\"https:\/\/www.nytimes.com\/2025\/10\/23\/world\/americas\/trinidad-bodies-us-strike-venezuela.html?unlocked_article_code=1.vk8.VZMI.rEf6xQX7ahlP&amp;smid=url-share\" class=\"pcc\" target=\"_blank\" rel=\"noopener noreferrer nofollow\">The New York Times<\/a>. D\u00f6dades de i en amerikansk attack? Kommer fler kroppar att spolas upp p\u00e5 str\u00e4nderna?<\/p>\n<p class=\"sc-c25743f0-0 sc-e37c0145-2 hObFds DQgPn\">Landet ligger strax utanf\u00f6r Venezuelas kust. Flera inv\u00e5nare i Cumana tror att kropparna kommer fr\u00e5n den f\u00f6rsta amerikanska attacken den 2 september.<\/p>\n<p class=\"sc-c25743f0-0 sc-e37c0145-2 hObFds DQgPn\">\u2013 Jag \u00e4r \u00f6vertygad om att dessa m\u00e4n \u00e4r offer f\u00f6r kriget, s\u00e4ger en inv\u00e5nare.<\/p>\n<p class=\"sc-c25743f0-0 sc-e37c0145-2 hObFds DQgPn\">Sedan dess har USA angripit totalt tio \u201dknarkb\u00e5tar\u201d. USA:s f\u00f6rsvarsminister Pete Hegseth uppgav p\u00e5 fredagen att ytterligare en attack genomf\u00f6rts, d\u00e4r sex personer d\u00f6dades. Det totala antalet d\u00f6dsoffer uppg\u00e5r nu till 43 personer. <\/p>\n<p>Trappar upp<\/p>\n<p class=\"sc-c25743f0-0 sc-e37c0145-2 hObFds DQgPn\">Bara n\u00e5gra timmar senare kom Pentagon med nya besked. Hegseth har beordrat hangarfartyget USS Gerald Ford och flera stridsfartyg fr\u00e5n Medelhavet till Sydamerika.<\/p>\n<p class=\"sc-c25743f0-0 sc-e37c0145-2 hObFds DQgPn\">Trumpadministrationens m\u00e5l \u00e4r att bek\u00e4mpa narkotikahandeln fr\u00e5n Venezuela, d\u00e5 man menar att det v\u00e4ller in droger och kriminella till USA. <\/p>\n<p class=\"sc-c25743f0-0 sc-e37c0145-2 hObFds DQgPn\">Venezuela \u00e4r en relativt liten akt\u00f6r i den globala narkotikahandeln j\u00e4mf\u00f6rt med Colombia, Mexiko, Bolivia eller Peru, rapporterar The New York Times. <\/p>\n<p class=\"sc-c25743f0-0 sc-e37c0145-2 hObFds DQgPn\">Till skillnad fr\u00e5n andra ledare i Karibien har Trinidads premi\u00e4rminister Kamla Persad-Bissessar uttryckt st\u00f6d f\u00f6r attackerna mot b\u00e5tar som, enligt USA, transporterar droger.<\/p>\n<p class=\"sc-c25743f0-0 sc-e37c0145-2 hObFds DQgPn\">Flera amerikanska medier rapporterar att USA:s eskalering \u00e4r en del i att s\u00e4tta press p\u00e5 Venezuelas president Nicol\u00e1s Maduro. <\/p>\n","protected":false},"excerpt":{"rendered":"USA har attackerat flera \u201dknarkb\u00e5tar\u201d utanf\u00f6r Venezuelas kust de senaste veckorna. \u00d6ver 40 personer har d\u00f6dats. Nu trappar&hellip;\n","protected":false},"author":2,"featured_media":63909,"comment_status":"","ping_status":"","sticky":false,"template":"","format":"standard","meta":{"footnotes":""},"categories":[5],"tags":[22,23,26,27,17,21,24,25,28,29,15,16,18,34,31,33,32,30,19,20],"class_list":{"0":"post-63908","1":"post","2":"type-post","3":"status-publish","4":"format-standard","5":"has-post-thumbnail","7":"category-rubriker","8":"tag-breaking-news","9":"tag-breakingnews","10":"tag-featured-news","11":"tag-featurednews","12":"tag-headlines","13":"tag-huvudnyheter","14":"tag-latest-news","15":"tag-latestnews","16":"tag-main-news","17":"tag-mainnews","18":"tag-news","19":"tag-nyheter","20":"tag-rubriker","21":"tag-se","22":"tag-svenska","23":"tag-sverige","24":"tag-sweden","25":"tag-swedish","26":"tag-top-stories","27":"tag-topstories"},"share_on_mastodon":{"url":"https:\/\/pubeurope.com\/@se\/115433928392375863","error":""},"_links":{"self":[{"href":"https:\/\/www.europesays.com\/se\/wp-json\/wp\/v2\/posts\/63908","targetHints":{"allow":["GET"]}}],"collection":[{"href":"https:\/\/www.europesays.com\/se\/wp-json\/wp\/v2\/posts"}],"about":[{"href":"https:\/\/www.europesays.com\/se\/wp-json\/wp\/v2\/types\/post"}],"author":[{"embeddable":true,"href":"https:\/\/www.europesays.com\/se\/wp-json\/wp\/v2\/users\/2"}],"replies":[{"embeddable":true,"href":"https:\/\/www.europesays.com\/se\/wp-json\/wp\/v2\/comments?post=63908"}],"version-history":[{"count":0,"href":"https:\/\/www.europesays.com\/se\/wp-json\/wp\/v2\/posts\/63908\/revisions"}],"wp:featuredmedia":[{"embeddable":true,"href":"https:\/\/www.europesays.com\/se\/wp-json\/wp\/v2\/media\/63909"}],"wp:attachment":[{"href":"https:\/\/www.europesays.com\/se\/wp-json\/wp\/v2\/media?parent=63908"}],"wp:term":[{"taxonomy":"category","embeddable":true,"href":"https:\/\/www.europesays.com\/se\/wp-json\/wp\/v2\/categories?post=63908"},{"taxonomy":"post_tag","embeddable":true,"href":"https:\/\/www.europesays.com\/se\/wp-json\/wp\/v2\/tags?post=63908"}],"curies":[{"name":"wp","href":"https:\/\/api.w.org\/{rel}","templated":true}]}}