{"id":63915,"date":"2025-10-25T08:52:14","date_gmt":"2025-10-25T08:52:14","guid":{"rendered":"https:\/\/www.europesays.com\/se\/63915\/"},"modified":"2025-10-25T08:52:14","modified_gmt":"2025-10-25T08:52:14","slug":"dags-att-stalla-klockorna-en-timme-bakat-inrikes","status":"publish","type":"post","link":"https:\/\/www.europesays.com\/se\/63915\/","title":{"rendered":"Dags att st\u00e4lla klockorna en timme bak\u00e5t | Inrikes"},"content":{"rendered":"<p class=\"aw-1gybjub aw-5vja16 ghpEtB kjanFo yle__article__paragraph\">Natten till s\u00f6ndag g\u00e5r vi \u00f6ver till vintertid. <\/p>\n<p>Lyssna (du h\u00f6r en artificiell r\u00f6st) 0:49<\/p>\n<p class=\"aw-1gybjub aw-1p7kakr ghpEtB jtovHP yle__article__paragraph\">Det har blivit dags att st\u00e4lla klockorna en timme bak\u00e5t. Vid klockan fyra natten till s\u00f6ndag g\u00e5r vi \u00f6ver fr\u00e5n sommartid till vintertid.<\/p>\n<p class=\"aw-1gybjub aw-1p7kakr ghpEtB jtovHP yle__article__paragraph\">Klockorna st\u00e4lls om till vintertid \u00e5rligen den sista s\u00f6ndagen i oktober. Om ungef\u00e4r fem m\u00e5nader, allts\u00e5 i slutet av mars, g\u00e5r vi \u00f6ver till sommartid igen.<\/p>\n<p class=\"aw-1gybjub aw-1p7kakr ghpEtB jtovHP yle__article__paragraph\">Uppdelningen mellan sommar- och vintertid \u00e4r i bruk i alla EU-l\u00e4nder. I Finland har vi st\u00e4llt om klockorna tv\u00e5 g\u00e5nger om \u00e5ret sedan 1981.<\/p>\n<p class=\"aw-1gybjub aw-1p7kakr ghpEtB jtovHP yle__article__paragraph\">M\u00e5nga upplever det som f\u00f6rvirrande och m\u00f6jligheterna att slopa uppdelningen har diskuterats inom EU i flera \u00e5r.<\/p>\n<p class=\"aw-1gybjub aw-1p7kakr ghpEtB jtovHP yle__article__paragraph\">EU-kommissionen h\u00e5ller just nu p\u00e5 att utreda fr\u00e5gan.<\/p>\n","protected":false},"excerpt":{"rendered":"Natten till s\u00f6ndag g\u00e5r vi \u00f6ver till vintertid. Lyssna (du h\u00f6r en artificiell r\u00f6st) 0:49 Det har blivit&hellip;\n","protected":false},"author":2,"featured_media":28028,"comment_status":"","ping_status":"","sticky":false,"template":"","format":"standard","meta":{"footnotes":""},"categories":[5],"tags":[22,23,1680,26,27,684,17,21,683,5930,24,25,28,29,15,5932,16,18,3215,34,5931,31,33,32,30,5933,19,20,5929],"class_list":{"0":"post-63915","1":"post","2":"type-post","3":"status-publish","4":"format-standard","5":"has-post-thumbnail","7":"category-rubriker","8":"tag-breaking-news","9":"tag-breakingnews","10":"tag-europeiska-unionen","11":"tag-featured-news","12":"tag-featurednews","13":"tag-finland","14":"tag-headlines","15":"tag-huvudnyheter","16":"tag-inrikes","17":"tag-klockor","18":"tag-latest-news","19":"tag-latestnews","20":"tag-main-news","21":"tag-mainnews","22":"tag-news","23":"tag-normaltid","24":"tag-nyheter","25":"tag-rubriker","26":"tag-samhallet","27":"tag-se","28":"tag-sommartid","29":"tag-svenska","30":"tag-sverige","31":"tag-sweden","32":"tag-swedish","33":"tag-tid","34":"tag-top-stories","35":"tag-topstories","36":"tag-vintertid"},"share_on_mastodon":{"url":"https:\/\/pubeurope.com\/@se\/115433959777813695","error":""},"_links":{"self":[{"href":"https:\/\/www.europesays.com\/se\/wp-json\/wp\/v2\/posts\/63915","targetHints":{"allow":["GET"]}}],"collection":[{"href":"https:\/\/www.europesays.com\/se\/wp-json\/wp\/v2\/posts"}],"about":[{"href":"https:\/\/www.europesays.com\/se\/wp-json\/wp\/v2\/types\/post"}],"author":[{"embeddable":true,"href":"https:\/\/www.europesays.com\/se\/wp-json\/wp\/v2\/users\/2"}],"replies":[{"embeddable":true,"href":"https:\/\/www.europesays.com\/se\/wp-json\/wp\/v2\/comments?post=63915"}],"version-history":[{"count":0,"href":"https:\/\/www.europesays.com\/se\/wp-json\/wp\/v2\/posts\/63915\/revisions"}],"wp:featuredmedia":[{"embeddable":true,"href":"https:\/\/www.europesays.com\/se\/wp-json\/wp\/v2\/media\/28028"}],"wp:attachment":[{"href":"https:\/\/www.europesays.com\/se\/wp-json\/wp\/v2\/media?parent=63915"}],"wp:term":[{"taxonomy":"category","embeddable":true,"href":"https:\/\/www.europesays.com\/se\/wp-json\/wp\/v2\/categories?post=63915"},{"taxonomy":"post_tag","embeddable":true,"href":"https:\/\/www.europesays.com\/se\/wp-json\/wp\/v2\/tags?post=63915"}],"curies":[{"name":"wp","href":"https:\/\/api.w.org\/{rel}","templated":true}]}}