{"id":63925,"date":"2025-10-25T09:03:08","date_gmt":"2025-10-25T09:03:08","guid":{"rendered":"https:\/\/www.europesays.com\/se\/63925\/"},"modified":"2025-10-25T09:03:08","modified_gmt":"2025-10-25T09:03:08","slug":"prinsessan-birgitta-hedrad-av-vannerna-med-golfcup-pa-mallorca","status":"publish","type":"post","link":"https:\/\/www.europesays.com\/se\/63925\/","title":{"rendered":"Prinsessan Birgitta hedrad av v\u00e4nnerna med golfcup p\u00e5 Mallorca"},"content":{"rendered":"<p>Publicerad 25 okt 2025 kl 10.50<\/p>\n<p>H\u00e4r hyllas prinsessan Birgitta med en golfcup.\u00a0<\/p>\n<p>V\u00e4nnerna mindes en livsglad pension\u00e4r som levde som om hon var 25 \u00e5r \u2013 och \u00e4lskade att fl\u00f6rta.<\/p>\n<p>\u2013 Hon fl\u00f6rtade med killar in i det sista, s\u00e4ger v\u00e4nnen Berit Kollhed.<\/p>\n<p>Prinsessan Birgittas dotter i t\u00e5rar.<img   alt=\"\"\/><\/p>\n<p>Prinsessan Birgitta p\u00e5 golfklubben Santa Ponsa 2023.<\/p>\n<p>Foto: SVEN LINDWALL<\/p>\n<p>\u00d6ppna bild i helsk\u00e4rm<\/p>\n<p><a href=\"https:\/\/www.expressen.se\/tagg\/person\/prinsessan-birgitta\/\" class=\"\" rel=\"nofollow noopener\" target=\"_blank\">Prinsessan Birgitta<\/a> l\u00e4mnade den kungliga tillvaron i Sverige f\u00f6r ett liv p\u00e5 Mallorca, med idrott, discodans och v\u00e4nner utan titlar.\u00a0<\/p>\n<p>Hon \u00e4lskade golf och varje \u00e5r arrangerades \u201dPrinsessan Birgittas cup\u201d p\u00e5 Golf Santa Ponsa d\u00e4r hon bodde.\u00a0<\/p>\n<p>Kungens syster gick bort den 4 december f\u00f6rra \u00e5ret.\u00a0<\/p>\n<p>Under g\u00e5rdagen spelade hennes n\u00e4rmaste v\u00e4nner \u201dPrinsessan Birgittas cup\u201d igen, under samma tid p\u00e5 \u00e5ret som alltid, f\u00f6r att hedra en \u201dunderbar kompis\u201d.<\/p>\n<p>I \u00e5r hette cupen \u201dGold Day Memorial\u201d.<\/p>\n<p>N\u00e4r t\u00e4vlingen avgjordes under fredagen h\u00f6ll de flesta samma tempo som prinsessan Birgitta brukade p\u00e5 banan. Det satt i ryggm\u00e4rgen.<\/p>\n<p>\u2013 Prinsessan Birgitta var en v\u00e4ldigt snabb spelare p\u00e5 golfbanan, s\u00e4ger Gillian Bengtsson\u00a0<\/p>\n<p>En runda kunde g\u00e5 p\u00e5 tv\u00e5 timmar och tio minuter.<\/p>\n<p>\u2013 Om n\u00e5gon spelade l\u00e5ngsamt sa hon: \u201dDet \u00e4r lika bra att du g\u00e5r av om du ska s\u00e5sa p\u00e5 det s\u00e4ttet\u201d, s\u00e4ger Gillians man Jan och skrattar.\u00a0<\/p>\n<p><img loading=\"lazy\"   alt=\"\"\/><\/p>\n<p>Gillian och Jan Bengtsson ute p\u00e5 golfbanan.<\/p>\n<p>Foto: OLLE SPORRONG<\/p>\n<p>\u00d6ppna bild i helsk\u00e4rm<img loading=\"lazy\"   alt=\"\"\/><\/p>\n<p>V\u00e4nnen Charlotte Werner, glad efter en snygg putt.<\/p>\n<p>Foto: OLLE SPORRONG<\/p>\n<p>\u00d6ppna bild i helsk\u00e4rm<img loading=\"lazy\"   alt=\"\"\/><\/p>\n<p>Det blev ett k\u00e4rt \u00e5terseende f\u00f6r m\u00e5nga. Det viktigaste var inte att vinna utan att umg\u00e5s.<\/p>\n<p>Foto: OLLE SPORRONG<\/p>\n<p>\u00d6ppna bild i helsk\u00e4rm<img loading=\"lazy\"   alt=\"\"\/><\/p>\n<p>Vinnarputten? Gillian Bengtsson f\u00f6ljer bollen p\u00e5 18:e h\u00e5let.<\/p>\n<p>Foto: OLLE SPORRONG<\/p>\n<p>\u00d6ppna bild i helsk\u00e4rm<img loading=\"lazy\"   alt=\"\"\/><\/p>\n<p>Gillian Bengtsson minns prinsessan Birgitta som en underbar och p\u00e5litlig v\u00e4n som alltid var befriande tydlig med vad hon tyckte om saker.<\/p>\n<p>Foto: OLLE SPORRONG<\/p>\n<p>\u00d6ppna bild i helsk\u00e4rmGillade killar<\/p>\n<p>Charlotte Werner minns g\u00e5ngen d\u00e5 prinsessan Birgitta tr\u00e4ffades av en boll.\u00a0<\/p>\n<p>\u2013 Hon fick den i skallen. N\u00e5gon sa att det bl\u00f6der. D\u00e5 sa hon: \u201dMen det kommer inget bl\u00e5tt blod?\u201d<\/p>\n<p>I en av sina sista intervjuer med <a href=\"https:\/\/www.expressen.se\/nyheter\/sanningen-om-separationen-fran-maken-darfor-lever-prinsessan-birgitta-ensam-pa-mallorca\/\" rel=\"nofollow noopener\" target=\"_blank\">Expressen<\/a> ber\u00e4ttade prinsessan Birgitta att hon k\u00e4nde sig som en 25-\u00e5ring i sitt huvud, och i tankarna fanns ocks\u00e5 killar.\u00a0<\/p>\n<p>V\u00e4nnerna k\u00e4nner igen bilden.<\/p>\n<p>\u2013 Hon fl\u00f6rtade med killar in i det sista, s\u00e4ger Berit Kollhed som var en av prinsessan Birgittas n\u00e4rmaste v\u00e4nner.\u00a0<\/p>\n<p>\u2013 N\u00e4r vi var p\u00e5 fest och jag s\u00e5g att hon hade lite tr\u00e5kigt sa jag: \u201dSka vi g\u00e5 och spana?\u201d,<\/p>\n<p><img loading=\"lazy\"   alt=\"\"\/><\/p>\n<p>Gillian och Jan Bengtsson med Berit Kollhed i samband med veckans v\u00e4lg\u00f6renhetsauktion, ledd av prinsessan Birgittas dotter prinsessan D\u00e9sir\u00e9e.<\/p>\n<p>Foto: OLLE SPORRONG<\/p>\n<p>\u00d6ppna bild i helsk\u00e4rm<img loading=\"lazy\"   alt=\"\"\/><\/p>\n<p>Prinsessan Birgitta \u00e4lskade att spela golf men ville att det skulle g\u00e5 undan ber\u00e4ttar v\u00e4nnerna.<\/p>\n<p>Foto: BILDBYR\u00c5N<\/p>\n<p>\u00d6ppna bild i helsk\u00e4rm\u201dB\u00e4r det jag vill\u201d<\/p>\n<p>I sitt tal under <a href=\"https:\/\/www.expressen.se\/nyheter\/kungligt\/dotterns-kanslosamma-ord-om-prinsessan-birgittas-livsbeslut\/\" rel=\"nofollow noopener\" target=\"_blank\">veckans v\u00e4lg\u00f6renhetsauktion<\/a> tackade prinsessan Birgittas dotter D\u00e9sir\u00e9e ocks\u00e5 Berit f\u00f6r att hon tagit hand om hennes mamma. Kollhed fanns vid Birgittas sida under den sista tiden p\u00e5 sjukhuset.\u00a0<\/p>\n<p>\u2013 Det som Birgitta har gett mig i arv \u00e4r f\u00f6rh\u00e5llanden till hennes tre barn. Vi har kommit varandra v\u00e4ldigt n\u00e4ra, s\u00e4ger Berit och ler.\u00a0<\/p>\n<p>Berit Kollhed, som har kl\u00e4dbutiker p\u00e5 Mallorca, delade modeinteresset med Birgitta.\u00a0<\/p>\n<p>Prinsessan v\u00e4grade kl\u00e4 sig efter vad andra tyckte var passande f\u00f6r en viss \u00e5lder.<\/p>\n<p>\u2013 Hon sa. \u201dJag b\u00e4r det jag vill\u201d, s\u00e4ger Berit.\u00a0<\/p>\n<p>\u2013 Hon var v\u00e4ldigt tuff och fr\u00e4n i att kl\u00e4 sig. Hon var absolut inte som n\u00e5gon annan. Hon var en ung flicka i en gammal kropp, och det sa jag alltid till henne ocks\u00e5.<\/p>\n<p><img loading=\"lazy\"   alt=\"\"\/><\/p>\n<p>Expressens reporter Robert B\u00f6rjesson och fotograf Olle Sporrong p\u00e5 Mallorca.<\/p>\n<p>Foto: OLLE SPORRONG<\/p>\n<p>\u00d6ppna bild i helsk\u00e4rm<\/p>\n","protected":false},"excerpt":{"rendered":"Publicerad 25 okt 2025 kl 10.50 H\u00e4r hyllas prinsessan Birgitta med en golfcup.\u00a0 V\u00e4nnerna mindes en livsglad pension\u00e4r&hellip;\n","protected":false},"author":2,"featured_media":63926,"comment_status":"","ping_status":"","sticky":false,"template":"","format":"standard","meta":{"footnotes":""},"categories":[67],"tags":[104,5934,34,612,31,33,32,30,105],"class_list":{"0":"post-63925","1":"post","2":"type-post","3":"status-publish","4":"format-standard","5":"has-post-thumbnail","7":"category-underhallning","8":"tag-entertainment","9":"tag-person-prinsessan-birgitta","10":"tag-se","11":"tag-sections-kungligt","12":"tag-svenska","13":"tag-sverige","14":"tag-sweden","15":"tag-swedish","16":"tag-underhallning"},"share_on_mastodon":{"url":"https:\/\/pubeurope.com\/@se\/115434003099711981","error":""},"_links":{"self":[{"href":"https:\/\/www.europesays.com\/se\/wp-json\/wp\/v2\/posts\/63925","targetHints":{"allow":["GET"]}}],"collection":[{"href":"https:\/\/www.europesays.com\/se\/wp-json\/wp\/v2\/posts"}],"about":[{"href":"https:\/\/www.europesays.com\/se\/wp-json\/wp\/v2\/types\/post"}],"author":[{"embeddable":true,"href":"https:\/\/www.europesays.com\/se\/wp-json\/wp\/v2\/users\/2"}],"replies":[{"embeddable":true,"href":"https:\/\/www.europesays.com\/se\/wp-json\/wp\/v2\/comments?post=63925"}],"version-history":[{"count":0,"href":"https:\/\/www.europesays.com\/se\/wp-json\/wp\/v2\/posts\/63925\/revisions"}],"wp:featuredmedia":[{"embeddable":true,"href":"https:\/\/www.europesays.com\/se\/wp-json\/wp\/v2\/media\/63926"}],"wp:attachment":[{"href":"https:\/\/www.europesays.com\/se\/wp-json\/wp\/v2\/media?parent=63925"}],"wp:term":[{"taxonomy":"category","embeddable":true,"href":"https:\/\/www.europesays.com\/se\/wp-json\/wp\/v2\/categories?post=63925"},{"taxonomy":"post_tag","embeddable":true,"href":"https:\/\/www.europesays.com\/se\/wp-json\/wp\/v2\/tags?post=63925"}],"curies":[{"name":"wp","href":"https:\/\/api.w.org\/{rel}","templated":true}]}}