{"id":63937,"date":"2025-10-25T09:26:13","date_gmt":"2025-10-25T09:26:13","guid":{"rendered":"https:\/\/www.europesays.com\/se\/63937\/"},"modified":"2025-10-25T09:26:13","modified_gmt":"2025-10-25T09:26:13","slug":"trumps-skal-rent-pahitt-ljuger-for-att-ta-oljan","status":"publish","type":"post","link":"https:\/\/www.europesays.com\/se\/63937\/","title":{"rendered":"Trumps sk\u00e4l \u201drent p\u00e5hitt\u201d \u2013 ljuger f\u00f6r att ta oljan"},"content":{"rendered":"<p>Donald Trump ljuger om att droghandeln skulle vara sk\u00e4l f\u00f6r amerikanska attacker mot b\u00e5tar utanf\u00f6r Venezuela. I\u202fst\u00e4llet \u00e4r de eskalerande angreppen ett f\u00f6rs\u00f6k att komma \u00e5t landets naturtillg\u00e5ngar, enligt den tidigare FN-chefen Pino Arlacchi.<\/p>\n<p>\u2013 Det grundl\u00e4ggande sk\u00e4let \u00e4r att Venezuela har olja som Trump vill f\u00f6rvalta. Att Venezuela skulle vara en central knutpunkt i den globala kokainhandeln \u00e4r rent p\u00e5hitt, s\u00e4ger han till SVT:s Utrikesbyr\u00e5n.<\/p>\n<p>Han var tidigare chef f\u00f6r FN:s narkotikakontrollprogram och s\u00e4ger att mindre \u00e4n fem procent av den internationella kokainhandeln tros g\u00e5 genom Venezuela, en bild som bekr\u00e4ftas av granskningar av b\u00e5de FN och New York Times. <\/p>\n<p>Senast i\u202fg\u00e5r skickade USA ett hangarfartyg till omr\u00e5det, vilket amerikanska medier beskrev som en kraftig eskalering av konflikten med Venezuela. Landets president,  Nicol\u00e1s Maduro, kallar draget f\u00f6r \u201datt fabricera ett krig\u201d, rapporterar BBC.<\/p>\n<p>Omni \u00e4r politiskt obundna och oberoende. Vi str\u00e4var efter att ge fler perspektiv p\u00e5 nyheterna. Har du fr\u00e5gor eller synpunkter kring v\u00e5r rapportering? <a href=\"https:\/\/omni.se\/tidigare-fn-chef-trumps-skal-rent-pahitt-ljuger-for-att-ta-oljan\/a\/mailto:redaktion@omni.se\" class=\"ArticleActions_contactLink__W2F1M\" rel=\"nofollow noopener\" target=\"_blank\">Kontakta redaktionen<\/a><\/p>\n","protected":false},"excerpt":{"rendered":"Donald Trump ljuger om att droghandeln skulle vara sk\u00e4l f\u00f6r amerikanska attacker mot b\u00e5tar utanf\u00f6r Venezuela. I\u202fst\u00e4llet \u00e4r&hellip;\n","protected":false},"author":2,"featured_media":55835,"comment_status":"","ping_status":"","sticky":false,"template":"","format":"standard","meta":{"footnotes":""},"categories":[5],"tags":[387,22,23,385,26,27,2150,2151,17,21,24,25,708,28,29,15,16,1583,18,34,31,33,32,30,19,20,74,2545],"class_list":{"0":"post-63937","1":"post","2":"type-post","3":"status-publish","4":"format-standard","5":"has-post-thumbnail","7":"category-rubriker","8":"tag-amerikansk-politik","9":"tag-breaking-news","10":"tag-breakingnews","11":"tag-donald-trump","12":"tag-featured-news","13":"tag-featurednews","14":"tag-fn","15":"tag-forenta-nationerna","16":"tag-headlines","17":"tag-huvudnyheter","18":"tag-latest-news","19":"tag-latestnews","20":"tag-latinamerika","21":"tag-main-news","22":"tag-mainnews","23":"tag-news","24":"tag-nyheter","25":"tag-pete-hegseth","26":"tag-rubriker","27":"tag-se","28":"tag-svenska","29":"tag-sverige","30":"tag-sweden","31":"tag-swedish","32":"tag-top-stories","33":"tag-topstories","34":"tag-usa","35":"tag-venezuela"},"share_on_mastodon":{"url":"https:\/\/pubeurope.com\/@se\/115434093494797094","error":""},"_links":{"self":[{"href":"https:\/\/www.europesays.com\/se\/wp-json\/wp\/v2\/posts\/63937","targetHints":{"allow":["GET"]}}],"collection":[{"href":"https:\/\/www.europesays.com\/se\/wp-json\/wp\/v2\/posts"}],"about":[{"href":"https:\/\/www.europesays.com\/se\/wp-json\/wp\/v2\/types\/post"}],"author":[{"embeddable":true,"href":"https:\/\/www.europesays.com\/se\/wp-json\/wp\/v2\/users\/2"}],"replies":[{"embeddable":true,"href":"https:\/\/www.europesays.com\/se\/wp-json\/wp\/v2\/comments?post=63937"}],"version-history":[{"count":0,"href":"https:\/\/www.europesays.com\/se\/wp-json\/wp\/v2\/posts\/63937\/revisions"}],"wp:featuredmedia":[{"embeddable":true,"href":"https:\/\/www.europesays.com\/se\/wp-json\/wp\/v2\/media\/55835"}],"wp:attachment":[{"href":"https:\/\/www.europesays.com\/se\/wp-json\/wp\/v2\/media?parent=63937"}],"wp:term":[{"taxonomy":"category","embeddable":true,"href":"https:\/\/www.europesays.com\/se\/wp-json\/wp\/v2\/categories?post=63937"},{"taxonomy":"post_tag","embeddable":true,"href":"https:\/\/www.europesays.com\/se\/wp-json\/wp\/v2\/tags?post=63937"}],"curies":[{"name":"wp","href":"https:\/\/api.w.org\/{rel}","templated":true}]}}