{"id":63939,"date":"2025-10-25T09:32:08","date_gmt":"2025-10-25T09:32:08","guid":{"rendered":"https:\/\/www.europesays.com\/se\/63939\/"},"modified":"2025-10-25T09:32:08","modified_gmt":"2025-10-25T09:32:08","slug":"donald-trump-vill-traffa-kim-jong-un-under-resan-till-asien","status":"publish","type":"post","link":"https:\/\/www.europesays.com\/se\/63939\/","title":{"rendered":"Donald Trump vill tr\u00e4ffa Kim Jong-Un under resan till Asien"},"content":{"rendered":"<p>Publicerad 25 okt 2025 kl 05.45Uppdaterad kl 06.07<\/p>\n<p>USA:s president Donald Trump s\u00e4ger att han skulle vilja tr\u00e4ffa Nordkoreas diktator Kim Jong-Un under sin resa till Asien.<\/p>\n<p>Senaste nyhetsklippen fr\u00e5n Expressen.<img   alt=\"\"\/><\/p>\n<p>USA:s president Donald Trump vinkar till fotograferna innan han p\u00e5b\u00f6rjar sin resa.<\/p>\n<p>Foto: MARK SCHIEFELBEIN \/ AP TT NYHETSBYR\u00c5N<\/p>\n<p>\u00d6ppna bild i helsk\u00e4rm<img loading=\"lazy\"   alt=\"\"\/><\/p>\n<p>Under resan vill Trump tr\u00e4ffa Nordkoreas diktator Kim Jong-Un.<\/p>\n<p>Foto: AP \/ AP TT NYHETSBYR\u00c5N<\/p>\n<p>\u00d6ppna bild i helsk\u00e4rm<\/p>\n<p>Presidenten p\u00e5b\u00f6rjade Asienresan sent under fredagskv\u00e4llen, lokal tid. Under vistelsen kommer han tr\u00e4ffa Kinas president Xi Jinping i Sydkorea. Det har spekulerats i om han skulle f\u00e5 till ett m\u00f6te med den nordkoreanske <a href=\"https:\/\/www.expressen.se\/tagg\/person\/kim-jong-un\/\" class=\"\" rel=\"nofollow noopener\" target=\"_blank\">Kim Jong-Un<\/a> under resan, n\u00e5got som presidenten nu sj\u00e4lv kommenterar:<\/p>\n<p>\u2013 Jag skulle vilja (tr\u00e4ffa honom), han vet att vi ska dit, s\u00e4ger Trump till journalister.<\/p>\n<p>\u2013 Jag vet inte, vi har informerat honom, han vet att jag ska \u00e5ka, s\u00e4ger presidenten vidare och till\u00e4gger \u201djag kommer mycket bra \u00f6verens med honom\u201d.<\/p>\n<p>De b\u00e5da ledarna tr\u00e4ffades senast 2019 under Trumps f\u00f6rsta mandatperiod.<\/p>\n<p>Trump kommer \u00e4ven att bes\u00f6ka Malaysia och Japan under resan, som \u00e4r hans f\u00f6rsta till v\u00e4rldsdelen sedan han flyttade in i Vita huset igen i januari.<\/p>\n<p>Samtidigt har USA och Kina inlett sina senaste handelssamtal, rapporterar statliga Nya Kina (Xinhua). De samtalen h\u00e5lls i Malaysia.<\/p>\n","protected":false},"excerpt":{"rendered":"Publicerad 25 okt 2025 kl 05.45Uppdaterad kl 06.07 USA:s president Donald Trump s\u00e4ger att han skulle vilja tr\u00e4ffa&hellip;\n","protected":false},"author":2,"featured_media":63940,"comment_status":"","ping_status":"","sticky":false,"template":"","format":"standard","meta":{"footnotes":""},"categories":[14],"tags":[22,23,26,27,17,21,24,25,5935,1132,45,28,29,15,16,198,1133,18,34,55,31,33,32,30,19,204,20,51,52,53,54],"class_list":{"0":"post-63939","1":"post","2":"type-post","3":"status-publish","4":"format-standard","5":"has-post-thumbnail","7":"category-varlden","8":"tag-breaking-news","9":"tag-breakingnews","10":"tag-featured-news","11":"tag-featurednews","12":"tag-headlines","13":"tag-huvudnyheter","14":"tag-latest-news","15":"tag-latestnews","16":"tag-location-asien","17":"tag-location-nordkorea","18":"tag-location-usa","19":"tag-main-news","20":"tag-mainnews","21":"tag-news","22":"tag-nyheter","23":"tag-person-donald-trump","24":"tag-person-kim-jong-un","25":"tag-rubriker","26":"tag-se","27":"tag-sections-varlden","28":"tag-svenska","29":"tag-sverige","30":"tag-sweden","31":"tag-swedish","32":"tag-top-stories","33":"tag-topic-amerikansk-politik","34":"tag-topstories","35":"tag-varlden","36":"tag-world","37":"tag-world-news","38":"tag-worldnews"},"share_on_mastodon":{"url":"https:\/\/pubeurope.com\/@se\/115434117141402907","error":""},"_links":{"self":[{"href":"https:\/\/www.europesays.com\/se\/wp-json\/wp\/v2\/posts\/63939","targetHints":{"allow":["GET"]}}],"collection":[{"href":"https:\/\/www.europesays.com\/se\/wp-json\/wp\/v2\/posts"}],"about":[{"href":"https:\/\/www.europesays.com\/se\/wp-json\/wp\/v2\/types\/post"}],"author":[{"embeddable":true,"href":"https:\/\/www.europesays.com\/se\/wp-json\/wp\/v2\/users\/2"}],"replies":[{"embeddable":true,"href":"https:\/\/www.europesays.com\/se\/wp-json\/wp\/v2\/comments?post=63939"}],"version-history":[{"count":0,"href":"https:\/\/www.europesays.com\/se\/wp-json\/wp\/v2\/posts\/63939\/revisions"}],"wp:featuredmedia":[{"embeddable":true,"href":"https:\/\/www.europesays.com\/se\/wp-json\/wp\/v2\/media\/63940"}],"wp:attachment":[{"href":"https:\/\/www.europesays.com\/se\/wp-json\/wp\/v2\/media?parent=63939"}],"wp:term":[{"taxonomy":"category","embeddable":true,"href":"https:\/\/www.europesays.com\/se\/wp-json\/wp\/v2\/categories?post=63939"},{"taxonomy":"post_tag","embeddable":true,"href":"https:\/\/www.europesays.com\/se\/wp-json\/wp\/v2\/tags?post=63939"}],"curies":[{"name":"wp","href":"https:\/\/api.w.org\/{rel}","templated":true}]}}