{"id":63954,"date":"2025-10-25T09:50:18","date_gmt":"2025-10-25T09:50:18","guid":{"rendered":"https:\/\/www.europesays.com\/se\/63954\/"},"modified":"2025-10-25T09:50:18","modified_gmt":"2025-10-25T09:50:18","slug":"vagrar-lamna-ut-nordstream-misstankta-de-ar-hjaltar","status":"publish","type":"post","link":"https:\/\/www.europesays.com\/se\/63954\/","title":{"rendered":"V\u00e4grar l\u00e4mna ut Nordstream-misst\u00e4nkta: De \u00e4r hj\u00e4ltar"},"content":{"rendered":"<p>Tyskland har beg\u00e4rt att de tv\u00e5 m\u00e4nnen, b\u00e5da hemmah\u00f6rande i Ukraina, l\u00e4mnas ut. Men detta nobbar b\u00e5de Polen och Italien d\u00e4r m\u00e4nnen gripits.<\/p>\n<p>Det h\u00e4r uppger <a href=\"https:\/\/www.sverigesradio.se\/artikel\/nord-stream-misstankta-lamnas-inte-ut-ska-hyllas-inte-gripas\" rel=\"nofollow noopener\" target=\"_blank\">Ekot i Sveriges Radio<\/a>.<\/p>\n<p>Mer \u00e4n tre \u00e5r har g\u00e5tt sedan gasledningarna Nordstream utsattes f\u00f6r attentat genom spr\u00e4ngning.<\/p>\n<p>Nordstream-attentatet \u201clegitim handling\u201d<\/p>\n<p>Fortfarande \u00e4r det inte klarlagt vem som l\u00e5g bakom spr\u00e4ngningarna, och de tv\u00e5 ukrainare som \u00e4r misst\u00e4nkta ses som hj\u00e4ltar i Polen, d\u00e4r Nordstream-attentatet betraktas som en legitim handling mot Ryssland mot bakgrund av Putins utdragna invasionskrig mot Ukraina.<\/p>\n<p>Den man som \u00e4r gripen i Italien anses vara hj\u00e4rnan vid ett attentat d\u00e4r explosionen var en av flera p\u00e5 n\u00e4stan 80 meters djup inom Danmarks och Sveriges ekonomiska zoner p\u00e5 internationellt vatten.<\/p>\n<p>I Polen heter det att attentatsm\u00e4nnen, 46 och 49 \u00e5r, ska \u201dhyllas, inte gripas\u201d eftersom de dessutom agerat p\u00e5 milit\u00e4r order.<\/p>\n<p>Nedlagda utredningar i Sverige och Danmark<\/p>\n<p>Tyskland pekar ut fem m\u00e4n och en kvinna f\u00f6r Nordstream-d\u00e5den.\u00a0<\/p>\n<p>De tv\u00e5 ukrainare som \u00e4r misst\u00e4nkta och \u00e4r i f\u00f6rvar i Polen respektive Italien nekar b\u00e5da till brott.<\/p>\n<p>Sverige och Danmark har tidigare lagt ned sina utredningar kring gasledningssabotaget.<\/p>\n<p><strong>L\u00e4s \u00e4ven: <\/strong><a href=\"https:\/\/www.dagensps.se\/varlden\/ukrainare-gripen-for-nord-stream-sprangning\/\" rel=\"nofollow noopener\" target=\"_blank\">Ukrainare gripen f\u00f6r Nord Stream-spr\u00e4ngning <strong>DagensPS<\/strong><\/a><\/p>\n","protected":false},"excerpt":{"rendered":"Tyskland har beg\u00e4rt att de tv\u00e5 m\u00e4nnen, b\u00e5da hemmah\u00f6rande i Ukraina, l\u00e4mnas ut. Men detta nobbar b\u00e5de Polen&hellip;\n","protected":false},"author":2,"featured_media":63955,"comment_status":"","ping_status":"","sticky":false,"template":"","format":"standard","meta":{"footnotes":""},"categories":[5],"tags":[22,23,26,27,17,21,692,24,25,28,29,15,1549,16,1912,18,34,31,33,32,30,19,20,408,263],"class_list":{"0":"post-63954","1":"post","2":"type-post","3":"status-publish","4":"format-standard","5":"has-post-thumbnail","7":"category-rubriker","8":"tag-breaking-news","9":"tag-breakingnews","10":"tag-featured-news","11":"tag-featurednews","12":"tag-headlines","13":"tag-huvudnyheter","14":"tag-italien","15":"tag-latest-news","16":"tag-latestnews","17":"tag-main-news","18":"tag-mainnews","19":"tag-news","20":"tag-nord-stream","21":"tag-nyheter","22":"tag-polen","23":"tag-rubriker","24":"tag-se","25":"tag-svenska","26":"tag-sverige","27":"tag-sweden","28":"tag-swedish","29":"tag-top-stories","30":"tag-topstories","31":"tag-tyskland","32":"tag-ukraina"},"share_on_mastodon":{"url":"https:\/\/pubeurope.com\/@se\/115434187836605981","error":""},"_links":{"self":[{"href":"https:\/\/www.europesays.com\/se\/wp-json\/wp\/v2\/posts\/63954","targetHints":{"allow":["GET"]}}],"collection":[{"href":"https:\/\/www.europesays.com\/se\/wp-json\/wp\/v2\/posts"}],"about":[{"href":"https:\/\/www.europesays.com\/se\/wp-json\/wp\/v2\/types\/post"}],"author":[{"embeddable":true,"href":"https:\/\/www.europesays.com\/se\/wp-json\/wp\/v2\/users\/2"}],"replies":[{"embeddable":true,"href":"https:\/\/www.europesays.com\/se\/wp-json\/wp\/v2\/comments?post=63954"}],"version-history":[{"count":0,"href":"https:\/\/www.europesays.com\/se\/wp-json\/wp\/v2\/posts\/63954\/revisions"}],"wp:featuredmedia":[{"embeddable":true,"href":"https:\/\/www.europesays.com\/se\/wp-json\/wp\/v2\/media\/63955"}],"wp:attachment":[{"href":"https:\/\/www.europesays.com\/se\/wp-json\/wp\/v2\/media?parent=63954"}],"wp:term":[{"taxonomy":"category","embeddable":true,"href":"https:\/\/www.europesays.com\/se\/wp-json\/wp\/v2\/categories?post=63954"},{"taxonomy":"post_tag","embeddable":true,"href":"https:\/\/www.europesays.com\/se\/wp-json\/wp\/v2\/tags?post=63954"}],"curies":[{"name":"wp","href":"https:\/\/api.w.org\/{rel}","templated":true}]}}