{"id":63965,"date":"2025-10-25T10:16:31","date_gmt":"2025-10-25T10:16:31","guid":{"rendered":"https:\/\/www.europesays.com\/se\/63965\/"},"modified":"2025-10-25T10:16:31","modified_gmt":"2025-10-25T10:16:31","slug":"sara-hector-med-tatkanning-efter-forsta-aket-alpint","status":"publish","type":"post","link":"https:\/\/www.europesays.com\/se\/63965\/","title":{"rendered":"Sara Hector med t\u00e4tk\u00e4nning efter f\u00f6rsta \u00e5ket | Alpint"},"content":{"rendered":"<p>Publicerad 25 okt 2025 kl 10.45Uppdaterad kl 12.12<\/p>\n<p>Sara Hector har inlett alpins\u00e4songen. Efter f\u00f6rsta \u00e5ket i storslalompremi\u00e4ren i \u00f6sterrikiska S\u00f6lden ligger hon sjua, 1.87 bakom ledaren Julia Scheib.<\/p>\n<p><img   alt=\"\"\/><\/p>\n<p>Sara Hector under premi\u00e4ren.<\/p>\n<p>Foto: GIAN EHRENZELLER \/ EPA KEYSTONE<\/p>\n<p>\u00d6ppna bild i helsk\u00e4rm<img loading=\"lazy\"   alt=\"\"\/><\/p>\n<p>Sara Hector efter sitt f\u00f6rsta \u00e5k.<\/p>\n<p>Foto: Viaplay<\/p>\n<p>\u00d6ppna bild i helsk\u00e4rm<img loading=\"lazy\"   alt=\"\"\/><\/p>\n<p>Hilma L\u00f6vblom k\u00f6rde ur.<\/p>\n<p>Foto: Viaplay<\/p>\n<p>\u00d6ppna bild i helsk\u00e4rm<\/p>\n<p>Hector blev en svenska som tog sig vidare till andra \u00e5ket. Hon har 55 hundradelar upp till tredjeplatsen som innehas av kroatiskan Zrinka Ljutic.<\/p>\n<p>\u2013 Hon k\u00e4nner sig nog revanschsugen inf\u00f6r andra f\u00f6r jag tror att hon kan b\u00e4ttre \u00e4n s\u00e5 d\u00e4r s\u00e4ger experten Emil Johansson i Viaplay.<\/p>\n<p>Hemmahoppet Scheib har en stor ledning efter ett imponerande f\u00f6rsta \u00e5k i den bl\u00e5siga backen. Hon \u00e4r 1.28 f\u00f6re tv\u00e5an Paula Moltzan fr\u00e5n USA inf\u00f6r andra \u00e5ket.<\/p>\n<p>\u2013 Jag \u00e4r v\u00e4ldigt imponerad \u00f6ver hennes position p\u00e5 skidorna. Hon h\u00e5ller det enkelt och det \u00e4r det sv\u00e5ra med skid\u00e5kning ibland, s\u00e4ger Johansson.<\/p>\n<p>Stj\u00e4rnan Mikaela Shiffrin, som startade som nummer 20, ligger sexa, 1.69 efter Scheib.<\/p>\n<p>Svenskornas placering efter f\u00f6rsta \u00e5ket<\/p>\n<p>7. Sara Hector (1.87)<\/p>\n<p>32. Estelle Alphand (3.87)<\/p>\n<p>37. Hanna Aronsson Elfman (4.57)<\/p>\n<p>Hilma L\u00f6vblom och Cornelia \u00d6hlund k\u00f6rde b\u00e5da ur<\/p>\n<p>Visa mer<\/p>\n<p>Texten uppdateras. Andra \u00e5ket b\u00f6rjar klockan 13.00.<\/p>\n","protected":false},"excerpt":{"rendered":"Publicerad 25 okt 2025 kl 10.45Uppdaterad kl 12.12 Sara Hector har inlett alpins\u00e4songen. Efter f\u00f6rsta \u00e5ket i storslalompremi\u00e4ren&hellip;\n","protected":false},"author":2,"featured_media":63966,"comment_status":"","ping_status":"","sticky":false,"template":"","format":"standard","meta":{"footnotes":""},"categories":[68],"tags":[5937,5936,34,1175,111,110,31,33,32,30],"class_list":{"0":"post-63965","1":"post","2":"type-post","3":"status-publish","4":"format-standard","5":"has-post-thumbnail","7":"category-sport","8":"tag-person-estelle-alphand","9":"tag-person-sara-hector","10":"tag-se","11":"tag-sections-alpint","12":"tag-sport","13":"tag-sports","14":"tag-svenska","15":"tag-sverige","16":"tag-sweden","17":"tag-swedish"},"share_on_mastodon":{"url":"https:\/\/pubeurope.com\/@se\/115434290108007525","error":""},"_links":{"self":[{"href":"https:\/\/www.europesays.com\/se\/wp-json\/wp\/v2\/posts\/63965","targetHints":{"allow":["GET"]}}],"collection":[{"href":"https:\/\/www.europesays.com\/se\/wp-json\/wp\/v2\/posts"}],"about":[{"href":"https:\/\/www.europesays.com\/se\/wp-json\/wp\/v2\/types\/post"}],"author":[{"embeddable":true,"href":"https:\/\/www.europesays.com\/se\/wp-json\/wp\/v2\/users\/2"}],"replies":[{"embeddable":true,"href":"https:\/\/www.europesays.com\/se\/wp-json\/wp\/v2\/comments?post=63965"}],"version-history":[{"count":0,"href":"https:\/\/www.europesays.com\/se\/wp-json\/wp\/v2\/posts\/63965\/revisions"}],"wp:featuredmedia":[{"embeddable":true,"href":"https:\/\/www.europesays.com\/se\/wp-json\/wp\/v2\/media\/63966"}],"wp:attachment":[{"href":"https:\/\/www.europesays.com\/se\/wp-json\/wp\/v2\/media?parent=63965"}],"wp:term":[{"taxonomy":"category","embeddable":true,"href":"https:\/\/www.europesays.com\/se\/wp-json\/wp\/v2\/categories?post=63965"},{"taxonomy":"post_tag","embeddable":true,"href":"https:\/\/www.europesays.com\/se\/wp-json\/wp\/v2\/tags?post=63965"}],"curies":[{"name":"wp","href":"https:\/\/api.w.org\/{rel}","templated":true}]}}