{"id":63967,"date":"2025-10-25T10:22:09","date_gmt":"2025-10-25T10:22:09","guid":{"rendered":"https:\/\/www.europesays.com\/se\/63967\/"},"modified":"2025-10-25T10:22:09","modified_gmt":"2025-10-25T10:22:09","slug":"viktiga-pokrovsk-riskerar-att-falla-bortom-kritiskt","status":"publish","type":"post","link":"https:\/\/www.europesays.com\/se\/63967\/","title":{"rendered":"Viktiga Pokrovsk riskerar att falla: \u201dBortom kritiskt\u201d"},"content":{"rendered":"<p>Den viktiga staden Pokrovsk riskerar att falla i ryska h\u00e4nder.\u00a0<\/p>\n<p>Hundratals ryska soldater befinner sig i staden \u2013 och f\u00f6rst\u00e4rkningar g\u00e5r inte att f\u00e5 in.<\/p>\n<p>\u201dL\u00e4get \u00e4r bortom kritiskt\u201d, skriver Ukrainska Pravda.\u00a0<\/p>\n<p>Ukraina vill k\u00f6pa 100 till 150 Gripen E-plan av Sverige<img loading=\"lazy\"   alt=\"\"\/><\/p>\n<p>Ryssland genomf\u00f6rde enorma flygattacker mot Pokrovsk i veckan.<\/p>\n<p>Foto: TITOV YEVHEN \/ STELLA PICTURES\/ ABACA PRESS<\/p>\n<p>\u00d6ppna bild i helsk\u00e4rm<img loading=\"lazy\"   alt=\"\"\/><\/p>\n<p>Ryska soldater har tagit \u00f6ver skogsomr\u00e5den i utkanten av Pokrovsk samtidigt som hundratals soldater befinner sig i staden. Arkivbild.<\/p>\n<p>Foto: SPUTNIK\/ ABACA \/ STELLA PICTURES<\/p>\n<p>\u00d6ppna bild i helsk\u00e4rm<\/p>\n<p>Staden Pokrovsk i Donetsk \u00e4r ett viktigt logistiskt nav f\u00f6r b\u00e5de f\u00f6rflyttning och f\u00f6rs\u00f6rjning av trupper i omr\u00e5det. Det har ocks\u00e5 varit ett av <a href=\"https:\/\/www.expressen.se\/tagg\/location\/ryssland\/\" rel=\"nofollow noopener\" target=\"_blank\">Rysslands<\/a> huvudm\u00e5l under l\u00e5ng tid. Faller Pokrovsk f\u00f6rsvagas hela den <a href=\"https:\/\/www.expressen.se\/tagg\/location\/ukraina\/\" rel=\"nofollow noopener\" target=\"_blank\">ukrainska<\/a> frontlinjen i <a href=\"https:\/\/www.expressen.se\/tagg\/location\/donetsk\/\" rel=\"nofollow noopener\" target=\"_blank\">Donetsk<\/a>. Nu blir l\u00e4get alltmer kritiskt i staden.\u00a0<\/p>\n<p>I veckan har ryssarna utf\u00f6rt rekordstora bombangrepp mot staden. Bara under onsdagen genomf\u00f6rdes 39 anfall med stridsflygplan, som f\u00e4llde sammanlagt 156 precisionsstyrda bomber. Samtidigt har tankesmedjan <a href=\"https:\/\/understandingwar.org\/research\/russia-ukraine\/russian-offensive-campaign-assessment-october-23-2025\/\" rel=\"nofollow noopener\" target=\"_blank\">ISW<\/a> vid upprepade tillf\u00e4llen tagit upp de ryska attackerna och infiltrationsf\u00f6rs\u00f6ken i staden.\u00a0<\/p>\n<p>Nu beskriver <a href=\"https:\/\/www.pravda.com.ua\/eng\/news\/2025\/10\/24\/8004333\/\" rel=\"nofollow noopener\" target=\"_blank\">Ukrainska Pravda <\/a>hur illa situationen ser ut f\u00f6r de ukrainska soldater som f\u00f6rs\u00f6ker h\u00e5lla en av sina viktigaste bastioner.\u00a0<\/p>\n<p>\u2013 I sj\u00e4lva Pokrovsk finns minst 250 av de d\u00e4r dj\u00e4vlarna, troligen fler. Det p\u00e5g\u00e5r strider p\u00e5 n\u00e4stan varje gata, vi har f\u00f6rluster varje dag. Vi kan inte evakuera de s\u00e5rade, vissa positioner i skogsomr\u00e5den \u00e4r redan under fiendens kontroll, s\u00e4ger en officer som tidningen pratat med.<\/p>\n<p>Kan inte roteras<\/p>\n<p>Han ber\u00e4ttar att infanteriet i staden i praktiken \u00e4r avskuret fr\u00e5n ledningen \u2013 och att de beh\u00f6vt h\u00e5lla sina positioner i upp\u00e5t tre m\u00e5nader utan att kunna roteras. Vatten f\u00f6rs\u00f6ker de leverera till dem med hj\u00e4lp av dr\u00f6nare. Samtidigt stoppar ryska dr\u00f6nare n\u00e4stan alla f\u00f6rs\u00f6k att skicka in f\u00f6rn\u00f6denheter till de ukrainska soldaterna.<\/p>\n<p>\u2013 Det st\u00f6rsta problemet \u00e4r logistiken. Man kan k\u00f6ra en del av v\u00e4gen, men sedan m\u00e5ste man g\u00e5 10\u201315 kilometer till fots och b\u00e4ra ammunition, dr\u00f6nare och f\u00f6rn\u00f6denheter, s\u00e4ger officeren.\u00a0<\/p>\n<p>Den f\u00f6rv\u00e4rrade situationen i Pokrovsk g\u00f6r att n\u00e4rliggande Myrnohrad ocks\u00e5 drabbas, eftersom f\u00f6rs\u00f6rjningen i vanliga fall g\u00e5r via Pokrovsk. \u00c4ven i Myrnohrad b\u00f6rjar de ryska soldaterna tr\u00e4nga n\u00e4rmare.\u00a0<\/p>\n<p>\u2013 Utvecklingen f\u00f6ljer det v\u00e4rsta t\u00e4nkbara scenariot. Pokrovsk kollapsar alldeles f\u00f6r snabbt \u2013 vi hade inte v\u00e4ntat oss det h\u00e4r, s\u00e4ger en annan officer till Ukrainska Pravda.\u00a0<\/p>\n<p>\u2013 Om Pokrovsk faller finns det ingen v\u00e4g ut f\u00f6r enheterna i Myrnohrad. Det \u00e4r i stort sett om\u00f6jligt att rotera trupper. Vi kan inte h\u00e4mta de stupade. M\u00e4nnen arbetar p\u00e5 gr\u00e4nsen till sin f\u00f6rm\u00e5ga, fullt medvetna om att inringningen kommer allt n\u00e4rmare.<\/p>\n<p><img alt=\"\"\/>Ljudklippet gick inte att spela upp<\/p>\n<p>F\u00f6rs\u00f6k igen senare<\/p>\n","protected":false},"excerpt":{"rendered":"Den viktiga staden Pokrovsk riskerar att falla i ryska h\u00e4nder.\u00a0 Hundratals ryska soldater befinner sig i staden \u2013&hellip;\n","protected":false},"author":2,"featured_media":63968,"comment_status":"","ping_status":"","sticky":false,"template":"","format":"standard","meta":{"footnotes":""},"categories":[5],"tags":[22,23,26,27,17,21,24,25,2341,274,202,28,29,15,276,16,18,34,55,31,33,32,30,19,60,20],"class_list":{"0":"post-63967","1":"post","2":"type-post","3":"status-publish","4":"format-standard","5":"has-post-thumbnail","7":"category-rubriker","8":"tag-breaking-news","9":"tag-breakingnews","10":"tag-featured-news","11":"tag-featurednews","12":"tag-headlines","13":"tag-huvudnyheter","14":"tag-latest-news","15":"tag-latestnews","16":"tag-location-donetsk","17":"tag-location-ryssland","18":"tag-location-ukraina","19":"tag-main-news","20":"tag-mainnews","21":"tag-news","22":"tag-newsstory-kriget-i-ukraina","23":"tag-nyheter","24":"tag-rubriker","25":"tag-se","26":"tag-sections-varlden","27":"tag-svenska","28":"tag-sverige","29":"tag-sweden","30":"tag-swedish","31":"tag-top-stories","32":"tag-topic-krig-konflikt","33":"tag-topstories"},"share_on_mastodon":{"url":"https:\/\/pubeurope.com\/@se\/115434313706200645","error":""},"_links":{"self":[{"href":"https:\/\/www.europesays.com\/se\/wp-json\/wp\/v2\/posts\/63967","targetHints":{"allow":["GET"]}}],"collection":[{"href":"https:\/\/www.europesays.com\/se\/wp-json\/wp\/v2\/posts"}],"about":[{"href":"https:\/\/www.europesays.com\/se\/wp-json\/wp\/v2\/types\/post"}],"author":[{"embeddable":true,"href":"https:\/\/www.europesays.com\/se\/wp-json\/wp\/v2\/users\/2"}],"replies":[{"embeddable":true,"href":"https:\/\/www.europesays.com\/se\/wp-json\/wp\/v2\/comments?post=63967"}],"version-history":[{"count":0,"href":"https:\/\/www.europesays.com\/se\/wp-json\/wp\/v2\/posts\/63967\/revisions"}],"wp:featuredmedia":[{"embeddable":true,"href":"https:\/\/www.europesays.com\/se\/wp-json\/wp\/v2\/media\/63968"}],"wp:attachment":[{"href":"https:\/\/www.europesays.com\/se\/wp-json\/wp\/v2\/media?parent=63967"}],"wp:term":[{"taxonomy":"category","embeddable":true,"href":"https:\/\/www.europesays.com\/se\/wp-json\/wp\/v2\/categories?post=63967"},{"taxonomy":"post_tag","embeddable":true,"href":"https:\/\/www.europesays.com\/se\/wp-json\/wp\/v2\/tags?post=63967"}],"curies":[{"name":"wp","href":"https:\/\/api.w.org\/{rel}","templated":true}]}}