{"id":63969,"date":"2025-10-25T10:24:05","date_gmt":"2025-10-25T10:24:05","guid":{"rendered":"https:\/\/www.europesays.com\/se\/63969\/"},"modified":"2025-10-25T10:24:05","modified_gmt":"2025-10-25T10:24:05","slug":"tuff-start-for-hector-overlagsen-hemmaledning","status":"publish","type":"post","link":"https:\/\/www.europesays.com\/se\/63969\/","title":{"rendered":"Tuff start f\u00f6r Hector \u2013 \u00f6verl\u00e4gsen hemmaledning"},"content":{"rendered":"<p class=\"boxtextgrotesk-root_baa6 hyperion-css-1w346fg\">Uppdaterad 11.38 | Publicerad 10.49<\/p>\n<p>share-arrowDela<\/p>\n<p>unsaveSpara<\/p>\n<p>expand-left<\/p>\n<p>helsk\u00e4rm<img decoding=\"async\" class=\"image-asset hyperion-css-u06ts1\" data-test-tag=\"image-asset\" src=\"https:\/\/www.europesays.com\/se\/wp-content\/uploads\/2025\/10\/c8641647-2fe7-47ce-a25c-115992086e33\"  alt=\"Sara Hector ligger sjua och \u00e4r l\u00e5ngt efter t\u00e4ten efter det f\u00f6rsta storslalom\u00e5ket i den alpina v\u00e4rldscuppremi\u00e4ren i S\u00f6lden.\"  loading=\"eager\" fetchpriority=\"high\" style=\"aspect-ratio:1900 \/ 1267\"\/>Sara Hector ligger sjua och \u00e4r l\u00e5ngt efter t\u00e4ten efter det f\u00f6rsta storslalom\u00e5ket i den alpina v\u00e4rldscuppremi\u00e4ren i S\u00f6lden. Foto: Cornelius Poppe\/NTB\/TT<\/p>\n<p class=\"hyperion-css-1shl3oz\" data-test-tag=\"lead-text\">Hemma\u00e5karen Julia Scheib utklassade konkurrenterna i f\u00f6rsta storslalom\u00e5ket i den alpina v\u00e4rldscuppremi\u00e4ren.<\/p>\n<p class=\"hyperion-css-1shl3oz\" data-test-tag=\"lead-text\">Sara Hector fick inte till n\u00e5gon fulltr\u00e4ff och har dryga halvsekunden upp till topp tre.<\/p>\n<p class=\"hyperion-css-1v9qo5x\">V\u00e4rldscuppremi\u00e4ren p\u00e5 glaci\u00e4ren i S\u00f6lden ser ut att bli en klang- och jubelf\u00f6rest\u00e4llning f\u00f6r hemmanationen \u00d6sterrike.<\/p>\n<p class=\"hyperion-css-1v9qo5x\">Julia Scheib var \u00f6verl\u00e4gsen i det f\u00f6rsta \u00e5ket och har 1,28 sekunders f\u00f6rspr\u00e5ng inf\u00f6r andra \u00e5ket.<\/p>\n<p class=\"hyperion-css-1v9qo5x\">Paula Moltzan, USA, ligger tv\u00e5a och Zrinka Ljutic, Kroatien, \u00e4r trea, 1,32 efter.<\/p>\n<p class=\"hyperion-css-1v9qo5x\">Sara Hector \u00e4r delad sjua tillsammans med norskan Thea Louise Stjernesund.<\/p>\n<p class=\"hyperion-css-1v9qo5x\">Den svenska stj\u00e4rnan fick inte till n\u00e5gon fulltr\u00e4ff i f\u00f6rsta \u00e5ket och har 55 hundradelar upp till en pallplats.<\/p>\n<p class=\"hyperion-css-1v9qo5x\">Det blev en tuff premi\u00e4r ocks\u00e5 f\u00f6r \u00f6vriga svenskor och Sara Hector \u00e4r den enda bl\u00e5gula \u00e5karen i andra \u00e5ket.<\/p>\n<p class=\"hyperion-css-1v9qo5x\">Estelle Alphand var n\u00e4rmast en topp 30-placering, men hon landade p\u00e5 32:a plats och det fattades tv\u00e5 tiondelar till en start i andra \u00e5ket. Hanna Aronsson Elfman slutade p\u00e5 37:e plats.<\/p>\n<p class=\"hyperion-css-1v9qo5x\">B\u00e5de Hilma L\u00f6vblom och Cornelia \u00d6hlund k\u00f6rde ur i f\u00f6rsta \u00e5ket.<\/p>\n<p class=\"hyperion-css-1v9qo5x\">Det andra \u00e5ket startar klockan 13.<\/p>\n","protected":false},"excerpt":{"rendered":"Uppdaterad 11.38 | Publicerad 10.49 share-arrowDela unsaveSpara expand-left helsk\u00e4rmSara Hector ligger sjua och \u00e4r l\u00e5ngt efter t\u00e4ten efter&hellip;\n","protected":false},"author":2,"featured_media":63970,"comment_status":"","ping_status":"","sticky":false,"template":"","format":"standard","meta":{"footnotes":""},"categories":[68],"tags":[34,111,110,31,33,32,30],"class_list":{"0":"post-63969","1":"post","2":"type-post","3":"status-publish","4":"format-standard","5":"has-post-thumbnail","7":"category-sport","8":"tag-se","9":"tag-sport","10":"tag-sports","11":"tag-svenska","12":"tag-sverige","13":"tag-sweden","14":"tag-swedish"},"share_on_mastodon":{"url":"https:\/\/pubeurope.com\/@se\/115434321685294570","error":""},"_links":{"self":[{"href":"https:\/\/www.europesays.com\/se\/wp-json\/wp\/v2\/posts\/63969","targetHints":{"allow":["GET"]}}],"collection":[{"href":"https:\/\/www.europesays.com\/se\/wp-json\/wp\/v2\/posts"}],"about":[{"href":"https:\/\/www.europesays.com\/se\/wp-json\/wp\/v2\/types\/post"}],"author":[{"embeddable":true,"href":"https:\/\/www.europesays.com\/se\/wp-json\/wp\/v2\/users\/2"}],"replies":[{"embeddable":true,"href":"https:\/\/www.europesays.com\/se\/wp-json\/wp\/v2\/comments?post=63969"}],"version-history":[{"count":0,"href":"https:\/\/www.europesays.com\/se\/wp-json\/wp\/v2\/posts\/63969\/revisions"}],"wp:featuredmedia":[{"embeddable":true,"href":"https:\/\/www.europesays.com\/se\/wp-json\/wp\/v2\/media\/63970"}],"wp:attachment":[{"href":"https:\/\/www.europesays.com\/se\/wp-json\/wp\/v2\/media?parent=63969"}],"wp:term":[{"taxonomy":"category","embeddable":true,"href":"https:\/\/www.europesays.com\/se\/wp-json\/wp\/v2\/categories?post=63969"},{"taxonomy":"post_tag","embeddable":true,"href":"https:\/\/www.europesays.com\/se\/wp-json\/wp\/v2\/tags?post=63969"}],"curies":[{"name":"wp","href":"https:\/\/api.w.org\/{rel}","templated":true}]}}