{"id":63974,"date":"2025-10-25T10:30:17","date_gmt":"2025-10-25T10:30:17","guid":{"rendered":"https:\/\/www.europesays.com\/se\/63974\/"},"modified":"2025-10-25T10:30:17","modified_gmt":"2025-10-25T10:30:17","slug":"kvinna-doms-till-livstid-for-mordet-pa-12-ariga-lola-daviet","status":"publish","type":"post","link":"https:\/\/www.europesays.com\/se\/63974\/","title":{"rendered":"Kvinna d\u00f6ms till livstid f\u00f6r mordet p\u00e5 12-\u00e5riga Lola Daviet"},"content":{"rendered":"<p>Publicerad 25 okt 2025 kl 00.05<\/p>\n<p>Lola Daviet, 12, v\u00e5ldtogs, torterades och m\u00f6rdades brutalt f\u00f6r tre \u00e5r sen.\u00a0<\/p>\n<p>Nu d\u00f6ms Dahbia Benkired som f\u00f6rsta kvinna n\u00e5gonsin i Frankrike till maxstraffet: livstid utan frigivning.<\/p>\n<p>\u2013 Vi har \u00e5teruppr\u00e4ttat minnet av min syster, s\u00e4ger Lolas bror Thibault.<\/p>\n<p>Senaste nyhetsklippen fr\u00e5n Expressen.<img   alt=\"\"\/><\/p>\n<p>Lolas mamma och bror kramas med sl\u00e4ktingar utanf\u00f6r r\u00e4tten.<\/p>\n<p>Foto: Jumeau Alexis\/ABACA\/Shutterstock \/ TT NYHETSBYR\u00c5N<\/p>\n<p>\u00d6ppna bild i helsk\u00e4rm<img loading=\"lazy\"   alt=\"\"\/><\/p>\n<p>Lola Daviet m\u00f6rdades f\u00f6r tre \u00e5r sedan.<\/p>\n<p>Foto: Facebook<\/p>\n<p>\u00d6ppna bild i helsk\u00e4rm<img loading=\"lazy\"   alt=\"\"\/><\/p>\n<p>\u201dVi har \u00e5teruppr\u00e4ttat minnet av min syster\u201d, s\u00e4ger Lolas bror Thibault Daviet.<\/p>\n<p>Foto: LAFARGUE RAPHAEL \/ STELLA PICTURES ABACA PRESS<\/p>\n<p>\u00d6ppna bild i helsk\u00e4rm<\/p>\n<p>I oktober 2022 hittades 12-\u00e5riga Lola Daviets kropp i en v\u00e4ska i nord\u00f6stra Paris, av en heml\u00f6s man. Hennes huvud var delvis avskuret och hon hade stick- och s\u00e5rskador p\u00e5 kroppen. Hon hade d\u00f6tt av kv\u00e4vning.<\/p>\n<p>Mordet chockade <a href=\"https:\/\/www.expressen.se\/tagg\/location\/frankrike\/\" class=\"\" rel=\"nofollow noopener\" target=\"_blank\">Frankrike<\/a> och 27-\u00e5riga Dahbia Benkired har under veckan st\u00e4llts inf\u00f6r r\u00e4tta. P\u00e5 fredagen d\u00f6mdes hon f\u00f6r mordet och fick maxstraffet: livstid utan m\u00f6jlighet till frigivning. Det \u00e4r f\u00f6rsta g\u00e5ngen som en kvinna f\u00e5r det.<\/p>\n<p>Juryn utd\u00f6mde straffet p\u00e5 grund av brottets \u201dextrema grymhet\u201d och domaren beskrev det Lola utsatts f\u00f6r som \u201dverklig tortyr\u201d.<\/p>\n<p>\u2013 Vi trodde p\u00e5 r\u00e4ttvisan och vi fick den, sa Lolas mamma Delphine efter domen.<\/p>\n<p>Tidigare har till exempel seriem\u00f6rdare och terroristen Salah Abdeslam, som deltog i Parisattackerna 2015 och m\u00f6rdade 130 m\u00e4nniskor, f\u00e5tt samma dom.<\/p>\n<p>Vittnade: \u201dVille skada\u201d<\/p>\n<p>Benkired kom till Frankrike fr\u00e5n Algeriet p\u00e5 ett studentvisum 2016. Vid tiden f\u00f6r mordet hade beslut fattats om att hon skulle utvisas eftersom hon brutit mot visumreglerna. Hon bodde utan fast adress och tr\u00e4ffade Lola utanf\u00f6r sin systers bostad i det nittonde arrondissementet, d\u00e4r familjen Daviet ocks\u00e5 bodde.<\/p>\n<p>Hon lurade in Lola i l\u00e4genheten och sa att hon beh\u00f6vde hj\u00e4lp med sina v\u00e4skor.<\/p>\n<p>\u2013 Madame, sn\u00e4lla g\u00f6r mig inte illa, ska Lola ha sagt.<\/p>\n<p>I sitt vittnesm\u00e5l p\u00e5 onsdagen ber\u00e4ttade Benkired om sin ilska mot ex-pojkv\u00e4nnen och att hon ville skada n\u00e5gon. Hon tvingade Lola att kl\u00e4 av sig och duscha. Hon f\u00f6rgrep sig p\u00e5 henne sexuellt och slog hennes huvud mot duschv\u00e4ggen.<\/p>\n<p>Lola kv\u00e4vdes av tejp.<\/p>\n<p>\u2013 Det \u00e4r inte s\u00e5 att jag ville d\u00f6da henne, utan att jag ville skada n\u00e5gon. Men eftersom jag hade v\u00e5ldtagit henne, kunde jag lika g\u00e4rna d\u00f6da henne, sa Benkired.<\/p>\n<p><img loading=\"lazy\"   alt=\"\"\/><\/p>\n<p>Lolas mamma och bror under r\u00e4tteg\u00e5ngen i veckan.<\/p>\n<p>Foto: Jumeau Alexis\/ABACA\/Shutterstock \/ TT NYHETSBYR\u00c5N<\/p>\n<p>\u00d6ppna bild i helsk\u00e4rmFamiljen: \u201dDj\u00e4vulsmonster\u201d<\/p>\n<p>Lolas mamma Delphine Daviet, 47, gr\u00e4t i domstolen n\u00e4r hon m\u00f6tte sitt barns m\u00f6rdare p\u00e5 onsdagen. Hon har tidigare v\u00e4djat om att Benkired ska d\u00f6mas till livstid och ber\u00e4ttade om sista dagen hon s\u00e5g Lola, hur hon kysste henne och sa \u201dvi ses senare\u201d.<\/p>\n<p>\u2013 Sedan m\u00f6tte hon detta \u2013 detta dj\u00e4vulsmonster, sa mamman.<\/p>\n<p>Vidare ber\u00e4ttade hon om skulden hon k\u00e4nt f\u00f6r att hon inte kunnat r\u00e4dda Lola. Hennes man och Lolas pappa, Johan Daviet, dog i februari f\u00f6rra \u00e5ret.<\/p>\n<p>\u2013 Han drack fr\u00e5n morgon till kv\u00e4ll. Han dog av sorg, sade hon.<\/p>\n<p>Johan Daviet ska innan han dog ha h\u00e4ngt upp ett brev p\u00e5 d\u00f6rren till Benkireds l\u00e4genhet.<\/p>\n<p>\u201dMin \u00e4lskling, jag f\u00f6rst\u00e5r fortfarande inte varf\u00f6r det var s\u00e5 mycket grymhet och barbari mot dig, du som var s\u00e5 sn\u00e4ll. Jag l\u00e4ngtar efter att f\u00e5 se dig igen. Din pappa, som \u00e4lskar dig f\u00f6r livet\u201d, skrev han p\u00e5 lappen.<\/p>\n<p>Anv\u00e4nts i politiska syften<\/p>\n<p>I Frankrike har h\u00f6ger- och ytterh\u00f6gerpolitiker anv\u00e4nt mordet i politiska syften och p\u00e5pekat att Benkired aldrig skulle ha f\u00e5tt vara i Frankrike.<\/p>\n<p>F\u00f6r\u00e4ldrarna har i sin tur \u201df\u00f6rd\u00f6mt all anv\u00e4ndning av v\u00e5rt barns namn och bild f\u00f6r politiska \u00e4ndam\u00e5l\u201d, skriver <a href=\"https:\/\/www.bbc.com\/news\/articles\/cjr07wqeerwo\" rel=\"nofollow noopener\" target=\"_blank\">BBC<\/a>.\u00a0<\/p>\n","protected":false},"excerpt":{"rendered":"Publicerad 25 okt 2025 kl 00.05 Lola Daviet, 12, v\u00e5ldtogs, torterades och m\u00f6rdades brutalt f\u00f6r tre \u00e5r sen.\u00a0&hellip;\n","protected":false},"author":2,"featured_media":63975,"comment_status":"","ping_status":"","sticky":false,"template":"","format":"standard","meta":{"footnotes":""},"categories":[5],"tags":[22,23,26,27,17,21,24,25,3738,28,29,15,16,18,34,55,31,33,32,30,19,436,20],"class_list":{"0":"post-63974","1":"post","2":"type-post","3":"status-publish","4":"format-standard","5":"has-post-thumbnail","7":"category-rubriker","8":"tag-breaking-news","9":"tag-breakingnews","10":"tag-featured-news","11":"tag-featurednews","12":"tag-headlines","13":"tag-huvudnyheter","14":"tag-latest-news","15":"tag-latestnews","16":"tag-location-frankrike","17":"tag-main-news","18":"tag-mainnews","19":"tag-news","20":"tag-nyheter","21":"tag-rubriker","22":"tag-se","23":"tag-sections-varlden","24":"tag-svenska","25":"tag-sverige","26":"tag-sweden","27":"tag-swedish","28":"tag-top-stories","29":"tag-topic-valdsbrott-mord","30":"tag-topstories"},"share_on_mastodon":{"url":"https:\/\/pubeurope.com\/@se\/115434345150189102","error":""},"_links":{"self":[{"href":"https:\/\/www.europesays.com\/se\/wp-json\/wp\/v2\/posts\/63974","targetHints":{"allow":["GET"]}}],"collection":[{"href":"https:\/\/www.europesays.com\/se\/wp-json\/wp\/v2\/posts"}],"about":[{"href":"https:\/\/www.europesays.com\/se\/wp-json\/wp\/v2\/types\/post"}],"author":[{"embeddable":true,"href":"https:\/\/www.europesays.com\/se\/wp-json\/wp\/v2\/users\/2"}],"replies":[{"embeddable":true,"href":"https:\/\/www.europesays.com\/se\/wp-json\/wp\/v2\/comments?post=63974"}],"version-history":[{"count":0,"href":"https:\/\/www.europesays.com\/se\/wp-json\/wp\/v2\/posts\/63974\/revisions"}],"wp:featuredmedia":[{"embeddable":true,"href":"https:\/\/www.europesays.com\/se\/wp-json\/wp\/v2\/media\/63975"}],"wp:attachment":[{"href":"https:\/\/www.europesays.com\/se\/wp-json\/wp\/v2\/media?parent=63974"}],"wp:term":[{"taxonomy":"category","embeddable":true,"href":"https:\/\/www.europesays.com\/se\/wp-json\/wp\/v2\/categories?post=63974"},{"taxonomy":"post_tag","embeddable":true,"href":"https:\/\/www.europesays.com\/se\/wp-json\/wp\/v2\/tags?post=63974"}],"curies":[{"name":"wp","href":"https:\/\/api.w.org\/{rel}","templated":true}]}}