{"id":63976,"date":"2025-10-25T10:32:11","date_gmt":"2025-10-25T10:32:11","guid":{"rendered":"https:\/\/www.europesays.com\/se\/63976\/"},"modified":"2025-10-25T10:32:11","modified_gmt":"2025-10-25T10:32:11","slug":"det-har-ar-det-samsta-brynas-kan-gora-gefle-dagblad-2","status":"publish","type":"post","link":"https:\/\/www.europesays.com\/se\/63976\/","title":{"rendered":"Det h\u00e4r \u00e4r det s\u00e4msta Bryn\u00e4s kan g\u00f6ra \u2013 Gefle Dagblad"},"content":{"rendered":"<p>Inf\u00f6r Bryn\u00e4s bortam\u00f6te med V\u00e4xj\u00f6 lade jag mig i soffan och kopplade av framf\u00f6r ett par avsnitt av \u201dV\u00e4gens hj\u00e4ltar\u201d.<\/p>\n<p>I Bryn\u00e4s finns f\u00f6r n\u00e4rvarande varken hj\u00e4ltar eller tid f\u00f6r avkoppling.<\/p>\n<p>L\u00e4get \u00e4r skarpt \u2013 och f\u00f6r f\u00f6rsta g\u00e5ngen pr\u00f6vas Niklas G\u00e4llstedt som huvudcoach.<\/p>\n<p>En tabell ljuger aldrig och det s\u00e4msta Bryn\u00e4s kan g\u00f6ra nu \u00e4r att intala sig att allt kommer att ordna sig. <\/p>\n<p>Tekniskt fel<\/p>\n<p class=\"message__text txt-ui txt-ui-2\">V\u00e4nligen f\u00f6rs\u00f6k igen senare.<\/p>\n<p>Den h\u00e4r artikeln \u00e4r bara f\u00f6r prenumeranter<\/p>\n<p class=\"txt-body txt-body-1\">Om du redan \u00e4r prenumerant: logga in!<\/p>\n","protected":false},"excerpt":{"rendered":"Inf\u00f6r Bryn\u00e4s bortam\u00f6te med V\u00e4xj\u00f6 lade jag mig i soffan och kopplade av framf\u00f6r ett par avsnitt av&hellip;\n","protected":false},"author":2,"featured_media":63541,"comment_status":"","ping_status":"","sticky":false,"template":"","format":"standard","meta":{"footnotes":""},"categories":[68],"tags":[34,111,110,31,33,32,30],"class_list":{"0":"post-63976","1":"post","2":"type-post","3":"status-publish","4":"format-standard","5":"has-post-thumbnail","7":"category-sport","8":"tag-se","9":"tag-sport","10":"tag-sports","11":"tag-svenska","12":"tag-sverige","13":"tag-sweden","14":"tag-swedish"},"share_on_mastodon":{"url":"https:\/\/pubeurope.com\/@se\/115434353006626554","error":""},"_links":{"self":[{"href":"https:\/\/www.europesays.com\/se\/wp-json\/wp\/v2\/posts\/63976","targetHints":{"allow":["GET"]}}],"collection":[{"href":"https:\/\/www.europesays.com\/se\/wp-json\/wp\/v2\/posts"}],"about":[{"href":"https:\/\/www.europesays.com\/se\/wp-json\/wp\/v2\/types\/post"}],"author":[{"embeddable":true,"href":"https:\/\/www.europesays.com\/se\/wp-json\/wp\/v2\/users\/2"}],"replies":[{"embeddable":true,"href":"https:\/\/www.europesays.com\/se\/wp-json\/wp\/v2\/comments?post=63976"}],"version-history":[{"count":0,"href":"https:\/\/www.europesays.com\/se\/wp-json\/wp\/v2\/posts\/63976\/revisions"}],"wp:featuredmedia":[{"embeddable":true,"href":"https:\/\/www.europesays.com\/se\/wp-json\/wp\/v2\/media\/63541"}],"wp:attachment":[{"href":"https:\/\/www.europesays.com\/se\/wp-json\/wp\/v2\/media?parent=63976"}],"wp:term":[{"taxonomy":"category","embeddable":true,"href":"https:\/\/www.europesays.com\/se\/wp-json\/wp\/v2\/categories?post=63976"},{"taxonomy":"post_tag","embeddable":true,"href":"https:\/\/www.europesays.com\/se\/wp-json\/wp\/v2\/tags?post=63976"}],"curies":[{"name":"wp","href":"https:\/\/api.w.org\/{rel}","templated":true}]}}