{"id":63979,"date":"2025-10-25T10:35:05","date_gmt":"2025-10-25T10:35:05","guid":{"rendered":"https:\/\/www.europesays.com\/se\/63979\/"},"modified":"2025-10-25T10:35:05","modified_gmt":"2025-10-25T10:35:05","slug":"rekorddyr-cyberattack-slog-ut-biltillverkaren-i-fem-veckor-har-ar-notan-nyteknik","status":"publish","type":"post","link":"https:\/\/www.europesays.com\/se\/63979\/","title":{"rendered":"Rekorddyr cyberattack slog ut biltillverkaren i fem veckor \u2013 h\u00e4r \u00e4r notan &#8211; Nyteknik"},"content":{"rendered":"<ol>\n<li><a href=\"https:\/\/news.google.com\/rss\/articles\/CBMirwFBVV95cUxPaERRSVBnVC1SeGYydXAteU1rMFJvTFpNZ2ZrRmJOamVXcVlPNU56dWpYNGYxZWRFcGttdkJFaFdIdnBtWlRFQWNldm92d2pRc045QllrR2Q3TVU3VXFtMWZsSkNoSEs4MWVvNGR4RmlsaEhjQWotTzVLa3VtRnpuQ1AzMWt5Wm5jM29VTnd0SjY4WHpDYUlQUVdjTG54VkF0MHJjblZTdjk1ZjF4NHBF?oc=5\" target=\"_blank\" rel=\"nofollow noopener\">Rekorddyr cyberattack slog ut biltillverkaren i fem veckor \u2013 h\u00e4r \u00e4r notan<\/a>&nbsp;&nbsp;Nyteknik<\/li>\n<li><a href=\"https:\/\/news.google.com\/rss\/articles\/CBMivgFBVV95cUxPS1A5SVNnTDJKMWI4emRwclJ6NHJVRm5iWm1jQlVrODZHXzc3SUVCdjkyOHNuTmFKOWtwX3JDMDh5UF9PdW9IUlRFWUJHTzNmR3NBcTZLbDdrMFNvUDlKMjFHUlNXdWlUR2RYR2Y4cDN4MmU5RGgxdW90d3BIOWVfZGFxdlVxd1hmUzk2YmhBSU14S1hzb1FuekhmX2FfZHoyUXVhaWNLNzBXUjJXX2tfUU1zMXN3VF9EYXd1dzdR?oc=5\" target=\"_blank\" rel=\"nofollow noopener\">Bilproduktionen i Storbritannien sj\u00f6nk i september &#8211; cyberattack mot JLR p\u00e5verkade<\/a>&nbsp;&nbsp;Placera.se<\/li>\n<li><a href=\"https:\/\/news.google.com\/rss\/articles\/CBMisgFBVV95cUxPVUdIRXc1LXJGcDR0bDNYZ0FVaGhuZ1N5Rmt3eUJxNGU0bFdaR19rTmxSZ0RkajI3VnliT081QzRadVgzSktsdWhUZVI2U3JINjJyM1EwLVZqbERndnBUaUtINWF0TUdxUVUydVhTMURDMk5ZZGdJeXVPbDdhTWRiR2psWWh4RV9SVTFtUkRjRzE1TTRBVmNrclBVZHBFQlotcEdpbEJBNXUyVjlPam53SExR?oc=5\" target=\"_blank\" rel=\"nofollow noopener\">Notan f\u00f6r cyberattacken mot Jaguar Land Rover: 24 miljarder kronor<\/a>&nbsp;&nbsp;Computer Sweden<\/li>\n<li><a href=\"https:\/\/news.google.com\/rss\/articles\/CBMie0FVX3lxTE1CTnZJQU1NUjBMYnF0NW5NU253eGNzdUZmQmlmekVfVEFtUHhfWTZTVmtXTk5JbzZ6VW1YQkpkVTJoY1BabkhGdXNMWG1RU0EtNzVGVDQwUzNLYmVUcVBUVHUyeVAwdDdaS05xakE4V1BpYVVFeWhzUWtiQQ?oc=5\" target=\"_blank\" rel=\"nofollow noopener\">Otroliga notan f\u00f6r hackerattack mot bilj\u00e4tte avsl\u00f6jad<\/a>&nbsp;&nbsp;Carup.se<\/li>\n<li><a href=\"https:\/\/news.google.com\/rss\/articles\/CBMi4AFBVV95cUxON3hrbkxwRy1fREc2RFdqcVgteGFBOHpnbUQzWklPNlJ6eUM3bk9zaEVKd211aGxVTm10ZzNCWnFTcGFOZzJPUFI3U0dMMFpLQWpIdFdWSkpHSXFOZkdCbVpxQkQ0ME8wa21nQzEweWp0RUIyWENsbUlRd1lNSmtUVUd3WDFVcWppNEJTWldNcUZHUkV4enpZV25qYjZTVjQ2YlRwRHU1M1dGb1ZLV3JMblR2QVRRaWhUeW9PS251cVFwRVBlU2JhWG9tVFNyWGFBbUdBRGNSQ2Z3VGotYVc5cQ?oc=5\" target=\"_blank\" rel=\"nofollow noopener\">Miljardsm\u00e4ll efter cyberattacken mot biltillverkaren \u2013 den mest kostsamma i Storbritanniens historia<\/a>&nbsp;&nbsp;Metal Supply<\/li>\n<\/ol>\n","protected":false},"excerpt":{"rendered":"Rekorddyr cyberattack slog ut biltillverkaren i fem veckor \u2013 h\u00e4r \u00e4r notan&nbsp;&nbsp;Nyteknik Bilproduktionen i Storbritannien sj\u00f6nk i september&hellip;\n","protected":false},"author":2,"featured_media":63980,"comment_status":"","ping_status":"","sticky":false,"template":"","format":"standard","meta":{"footnotes":""},"categories":[65],"tags":[72,70,71,34,31,33,32,30],"class_list":{"0":"post-63979","1":"post","2":"type-post","3":"status-publish","4":"format-standard","5":"has-post-thumbnail","7":"category-ekonomi","8":"tag-business","9":"tag-economy","10":"tag-ekonomi","11":"tag-se","12":"tag-svenska","13":"tag-sverige","14":"tag-sweden","15":"tag-swedish"},"share_on_mastodon":{"url":"https:\/\/pubeurope.com\/@se\/115434364940687141","error":""},"_links":{"self":[{"href":"https:\/\/www.europesays.com\/se\/wp-json\/wp\/v2\/posts\/63979","targetHints":{"allow":["GET"]}}],"collection":[{"href":"https:\/\/www.europesays.com\/se\/wp-json\/wp\/v2\/posts"}],"about":[{"href":"https:\/\/www.europesays.com\/se\/wp-json\/wp\/v2\/types\/post"}],"author":[{"embeddable":true,"href":"https:\/\/www.europesays.com\/se\/wp-json\/wp\/v2\/users\/2"}],"replies":[{"embeddable":true,"href":"https:\/\/www.europesays.com\/se\/wp-json\/wp\/v2\/comments?post=63979"}],"version-history":[{"count":0,"href":"https:\/\/www.europesays.com\/se\/wp-json\/wp\/v2\/posts\/63979\/revisions"}],"wp:featuredmedia":[{"embeddable":true,"href":"https:\/\/www.europesays.com\/se\/wp-json\/wp\/v2\/media\/63980"}],"wp:attachment":[{"href":"https:\/\/www.europesays.com\/se\/wp-json\/wp\/v2\/media?parent=63979"}],"wp:term":[{"taxonomy":"category","embeddable":true,"href":"https:\/\/www.europesays.com\/se\/wp-json\/wp\/v2\/categories?post=63979"},{"taxonomy":"post_tag","embeddable":true,"href":"https:\/\/www.europesays.com\/se\/wp-json\/wp\/v2\/tags?post=63979"}],"curies":[{"name":"wp","href":"https:\/\/api.w.org\/{rel}","templated":true}]}}