{"id":63983,"date":"2025-10-25T10:43:06","date_gmt":"2025-10-25T10:43:06","guid":{"rendered":"https:\/\/www.europesays.com\/se\/63983\/"},"modified":"2025-10-25T10:43:06","modified_gmt":"2025-10-25T10:43:06","slug":"sca-chefen-om-tuffa-borsaren-rejalt-undervarderade-placera-se","status":"publish","type":"post","link":"https:\/\/www.europesays.com\/se\/63983\/","title":{"rendered":"SCA-chefen om tuffa b\u00f6rs\u00e5ren: &quot;Rej\u00e4lt underv\u00e4rderade&quot; &#8211; Placera.se"},"content":{"rendered":"<ol>\n<li><a href=\"https:\/\/news.google.com\/rss\/articles\/CBMilwFBVV95cUxPbDhCQjE2TExaRGU4T2ZZTmtCZ2pHX0V5MkVFR1VJSDZ5ZHRselp4YlI3cFV3bWQ3TGN1WktuM2o5eUZzUnB6ODFtbnYxQTFjX1BaVVBnaFFHREtCSmdYUUdLVmY3Wmk0bEN0RmVkbzl4endtejZEM09FRHlQdmpFaUpBLUtNQ1pJcVZnTDdBN2ZaUE9leHJJ?oc=5\" target=\"_blank\" rel=\"nofollow noopener\">SCA-chefen om tuffa b\u00f6rs\u00e5ren: &#8221;Rej\u00e4lt underv\u00e4rderade&#8221;<\/a>&nbsp;&nbsp;Placera.se<\/li>\n<li><a href=\"https:\/\/news.google.com\/rss\/articles\/CBMiigFBVV95cUxNdDdEdE16WVRFbFZpSzVTbnhDZ0FSdGhNVmRxTnl0YzF4d09YT2Y0aEI4Q3RYQlFRSDl4ZzVCOW5JTExEU1VZMUw4UW8wM0k1Yngxd0Y5a05ncVlfajc5ZjAtR0VCUThSQnVERHV1dnFETGhWLWN5ZGc5ZG1JWFZ5R3RmbzVrcXJiVnc?oc=5\" target=\"_blank\" rel=\"nofollow noopener\">Skogsbolaget SCA minskar resultatet<\/a>&nbsp;&nbsp;Aftonbladet<\/li>\n<li><a href=\"https:\/\/news.google.com\/rss\/articles\/CBMikAFBVV95cUxPemt6SzBwRXQzNTU2Y0U5SmhzMXlmTHVjTjV6V0VNN09vc2JMMndvcHlRbzBGM3hhZDNkSUZuU25CcWZjUWdsREtBa0pIaHNsb25qMElnaU81UmhzWTZ4aG1oRk1jb2NjS2dpa203QmJaX1RQMF9yRk8wc3I2cXpFbUEtM1ZHSDZWZU52a09ZajQ?oc=5\" target=\"_blank\" rel=\"nofollow noopener\">SCA:s vinst sjunker \u2013 men \u00f6vertr\u00e4ffar f\u00f6rv\u00e4ntningarna<\/a>&nbsp;&nbsp;Sveriges Radio<\/li>\n<li><a href=\"https:\/\/news.google.com\/rss\/articles\/CBMiiwFBVV95cUxOSUh3ZjFjSDZsTFZZeml2RDlodVdQX1R5cHpsSVAzcElfTjJEQThZRE50OW85Q2NhNXJKMzJJaHNmQWlVeDZKRHAzbEtnemplUkVXeVAtVVZxSWlJbHpWVlJ4YjBDa3dqZFRrQS1FWUNRX05wZWRmQV8tdTdvZTVpbzBBeFE3azNHZFIw?oc=5\" target=\"_blank\" rel=\"nofollow noopener\">H\u00f6gre l\u00f6nsamhet \u00e4n v\u00e4ntat f\u00f6r SCA<\/a>&nbsp;&nbsp;Privata Aff\u00e4rer<\/li>\n<li><a href=\"https:\/\/news.google.com\/rss\/articles\/CBMilwFBVV95cUxQQW1ZSmEzNjJRM2lrRWlnQS13Sm1MOXJuVXhPeWtxNjJxc0RRcXdadXF2dXJobFhQdmN2bFJBWEw0emdKNFFheGRTdFRoOWtReV9fV2ZPdFpfd1BheVlKeG53Q19fcVRnZ0Q4STlHNDNQMkYwTU9fNTY1aGlTallxTFVFZkF2SG9nLXN0OW9wcHE5TkJ0dkFZ?oc=5\" target=\"_blank\" rel=\"nofollow noopener\">\u00d6kad l\u00f6nsamhet f\u00f6r SCA: &#8221;Fortsatt utmanande marknadsl\u00e4ge&#8221;<\/a>&nbsp;&nbsp;DI<\/li>\n<\/ol>\n","protected":false},"excerpt":{"rendered":"SCA-chefen om tuffa b\u00f6rs\u00e5ren: &#8221;Rej\u00e4lt underv\u00e4rderade&#8221;&nbsp;&nbsp;Placera.se Skogsbolaget SCA minskar resultatet&nbsp;&nbsp;Aftonbladet SCA:s vinst sjunker \u2013 men \u00f6vertr\u00e4ffar f\u00f6rv\u00e4ntningarna&nbsp;&nbsp;Sveriges Radio&hellip;\n","protected":false},"author":2,"featured_media":63984,"comment_status":"","ping_status":"","sticky":false,"template":"","format":"standard","meta":{"footnotes":""},"categories":[65],"tags":[72,70,71,3218,4330,34,31,33,32,30],"class_list":{"0":"post-63983","1":"post","2":"type-post","3":"status-publish","4":"format-standard","5":"has-post-thumbnail","7":"category-ekonomi","8":"tag-business","9":"tag-economy","10":"tag-ekonomi","11":"tag-rapporter","12":"tag-sca","13":"tag-se","14":"tag-svenska","15":"tag-sverige","16":"tag-sweden","17":"tag-swedish"},"share_on_mastodon":{"url":"https:\/\/pubeurope.com\/@se\/115434396240961518","error":""},"_links":{"self":[{"href":"https:\/\/www.europesays.com\/se\/wp-json\/wp\/v2\/posts\/63983","targetHints":{"allow":["GET"]}}],"collection":[{"href":"https:\/\/www.europesays.com\/se\/wp-json\/wp\/v2\/posts"}],"about":[{"href":"https:\/\/www.europesays.com\/se\/wp-json\/wp\/v2\/types\/post"}],"author":[{"embeddable":true,"href":"https:\/\/www.europesays.com\/se\/wp-json\/wp\/v2\/users\/2"}],"replies":[{"embeddable":true,"href":"https:\/\/www.europesays.com\/se\/wp-json\/wp\/v2\/comments?post=63983"}],"version-history":[{"count":0,"href":"https:\/\/www.europesays.com\/se\/wp-json\/wp\/v2\/posts\/63983\/revisions"}],"wp:featuredmedia":[{"embeddable":true,"href":"https:\/\/www.europesays.com\/se\/wp-json\/wp\/v2\/media\/63984"}],"wp:attachment":[{"href":"https:\/\/www.europesays.com\/se\/wp-json\/wp\/v2\/media?parent=63983"}],"wp:term":[{"taxonomy":"category","embeddable":true,"href":"https:\/\/www.europesays.com\/se\/wp-json\/wp\/v2\/categories?post=63983"},{"taxonomy":"post_tag","embeddable":true,"href":"https:\/\/www.europesays.com\/se\/wp-json\/wp\/v2\/tags?post=63983"}],"curies":[{"name":"wp","href":"https:\/\/api.w.org\/{rel}","templated":true}]}}