{"id":63985,"date":"2025-10-25T10:53:08","date_gmt":"2025-10-25T10:53:08","guid":{"rendered":"https:\/\/www.europesays.com\/se\/63985\/"},"modified":"2025-10-25T10:53:08","modified_gmt":"2025-10-25T10:53:08","slug":"nooshi-dadgostar-holl-tal-pa-vansterdagarna-vansterpartiet","status":"publish","type":"post","link":"https:\/\/www.europesays.com\/se\/63985\/","title":{"rendered":"Nooshi Dadgostar h\u00f6ll tal p\u00e5 V\u00e4nsterdagarna \u2013 V\u00e4nsterpartiet"},"content":{"rendered":"<p>\u2013 Vet ni, idag \u00e4r det 323 dagar kvar. 323 dagar tills vi r\u00f6star bort den h\u00e4r regeringen. 323 dagar till maktskiftet. S\u00e5 inledde v\u00e4nsterledaren Nooshi Dadgostar sitt tal inf\u00f6r \u00f6ver tusen v\u00e4nsterpartister p\u00e5 Kistam\u00e4ssan i Stockholm.<\/p>\n<p data-olk-copy-source=\"MessageBody\">Hon fortsatte sedan att prata om att V\u00e4nsterpartiet vill g\u00f6ra f\u00f6r att Sverige ska bli r\u00e4ttvisare och b\u00e4ttre.<\/p>\n<p>\u2013 Vi ser problemen och vi t\u00e4nker g\u00f6ra n\u00e5got \u00e5t dem. F\u00f6r\u00e4ldrar ska ha r\u00e5d att st\u00e4lla mat p\u00e5 bordet, \u00e5ka till ett lekland p\u00e5 h\u00f6stlovet, k\u00f6pa en kostym till det lilla sp\u00f6ket, h\u00e4xan eller pumpan som vill ut p\u00e5 godisjakt.<\/p>\n<p>\u2013 Du har inte jobbat st\u00f6rre delen av dagen f\u00f6r att sk\u00e4nka bort dina slantar till kartellf\u00f6retag. Du har inte g\u00e5tt upp tidiga mornar, f\u00f6r att n\u00e5gon annan ska ta dem ifr\u00e5n dig. Undersk\u00f6terskor, pension\u00e4rer och byggnadsarbetare ska kunna leva gott i Sverige.<\/p>\n<p>Talet avslutades sedan med att det kommet kr\u00e4vas h\u00e5rt arbete under val\u00e5ret, men att vi kan bygga en ljusare framtid tillsammans.<\/p>\n<p>\u2013 Till alla er som l\u00e4ngtar efter n\u00e5got annat. Efter en vision f\u00f6r v\u00e5rt land. D\u00e4r m\u00e4nniska inte st\u00e4lls mot m\u00e4nniska. En ljusare framtid. Till er vill jag s\u00e4ga, det kommer. H\u00e5rt arbete ligger framf\u00f6r oss, men vi ska n\u00e5 dit tillsammans, sa Nooshi Dadgostar.<\/p>\n<p>Foto: Agnes Stuber<\/p>\n<p><a href=\"https:\/\/www.youtube.com\/live\/oayQ9c270rY?si=Oahqo8e7XS9--N-y\" rel=\"nofollow noopener\" target=\"_blank\">Se talet i sin helhet h\u00e4r<\/a><br \/><a href=\"https:\/\/www.vansterpartiet.se\/wp-content\/uploads\/2025\/10\/Vansterdagarna-tal-25-oktober-2025.pdf\" rel=\"nofollow noopener\" target=\"_blank\">L\u00e4s talet h\u00e4r<\/a><\/p>\n","protected":false},"excerpt":{"rendered":"\u2013 Vet ni, idag \u00e4r det 323 dagar kvar. 323 dagar tills vi r\u00f6star bort den h\u00e4r regeringen.&hellip;\n","protected":false},"author":2,"featured_media":63986,"comment_status":"","ping_status":"","sticky":false,"template":"","format":"standard","meta":{"footnotes":""},"categories":[12],"tags":[22,23,26,27,17,21,24,25,28,29,15,16,18,34,31,33,32,30,19,20],"class_list":{"0":"post-63985","1":"post","2":"type-post","3":"status-publish","4":"format-standard","5":"has-post-thumbnail","7":"category-sverige","8":"tag-breaking-news","9":"tag-breakingnews","10":"tag-featured-news","11":"tag-featurednews","12":"tag-headlines","13":"tag-huvudnyheter","14":"tag-latest-news","15":"tag-latestnews","16":"tag-main-news","17":"tag-mainnews","18":"tag-news","19":"tag-nyheter","20":"tag-rubriker","21":"tag-se","22":"tag-svenska","23":"tag-sverige","24":"tag-sweden","25":"tag-swedish","26":"tag-top-stories","27":"tag-topstories"},"share_on_mastodon":{"url":"https:\/\/pubeurope.com\/@se\/115434435528393075","error":""},"_links":{"self":[{"href":"https:\/\/www.europesays.com\/se\/wp-json\/wp\/v2\/posts\/63985","targetHints":{"allow":["GET"]}}],"collection":[{"href":"https:\/\/www.europesays.com\/se\/wp-json\/wp\/v2\/posts"}],"about":[{"href":"https:\/\/www.europesays.com\/se\/wp-json\/wp\/v2\/types\/post"}],"author":[{"embeddable":true,"href":"https:\/\/www.europesays.com\/se\/wp-json\/wp\/v2\/users\/2"}],"replies":[{"embeddable":true,"href":"https:\/\/www.europesays.com\/se\/wp-json\/wp\/v2\/comments?post=63985"}],"version-history":[{"count":0,"href":"https:\/\/www.europesays.com\/se\/wp-json\/wp\/v2\/posts\/63985\/revisions"}],"wp:featuredmedia":[{"embeddable":true,"href":"https:\/\/www.europesays.com\/se\/wp-json\/wp\/v2\/media\/63986"}],"wp:attachment":[{"href":"https:\/\/www.europesays.com\/se\/wp-json\/wp\/v2\/media?parent=63985"}],"wp:term":[{"taxonomy":"category","embeddable":true,"href":"https:\/\/www.europesays.com\/se\/wp-json\/wp\/v2\/categories?post=63985"},{"taxonomy":"post_tag","embeddable":true,"href":"https:\/\/www.europesays.com\/se\/wp-json\/wp\/v2\/tags?post=63985"}],"curies":[{"name":"wp","href":"https:\/\/api.w.org\/{rel}","templated":true}]}}