{"id":63988,"date":"2025-10-25T11:04:10","date_gmt":"2025-10-25T11:04:10","guid":{"rendered":"https:\/\/www.europesays.com\/se\/63988\/"},"modified":"2025-10-25T11:04:10","modified_gmt":"2025-10-25T11:04:10","slug":"smallen-william-nylander-skadad-i-natt","status":"publish","type":"post","link":"https:\/\/www.europesays.com\/se\/63988\/","title":{"rendered":"Sm\u00e4llen: William Nylander skadad i natt"},"content":{"rendered":"<p><strong>Toronto Maple Leafs jagade en kvittering i nattens 3\u20135-f\u00f6rlust mot Buffalo Sabres.<br \/>D\u00e5 tvingades William Nylander utg\u00e5 skadad efter en crosschecking.<\/strong><\/p>\n<p><img loading=\"lazy\" decoding=\"async\" width=\"1024\" height=\"658\" src=\"https:\/\/www.europesays.com\/se\/wp-content\/uploads\/2025\/10\/251025BB078-1024x658.webp.webp\" alt=\"William Nylander\" class=\"wp-image-317731\"  \/>William Nylander utgick efter en sm\u00e4ll fr\u00e5n Jason Zucker.<br \/><strong>Foto: <\/strong>Timothy T. Ludwig\/Imagn Images\/Bildbyr\u00e5n<\/p>\n<p><a href=\"https:\/\/hockeysverige.se\/klubb\/toronto-maple-leafs\/\" rel=\"nofollow noopener\" target=\"_blank\">Toronto Maple Leafs<\/a> var i full f\u00e4rd med att f\u00f6rs\u00f6ka kvittera natens m\u00f6te med <a href=\"https:\/\/hockeysverige.se\/klubb\/buffalo-sabres\/\" rel=\"nofollow noopener\" target=\"_blank\">Buffalo Sabres<\/a> n\u00e4r laget \u00e5kte p\u00e5 en blytung sm\u00e4ll.<\/p>\n<p>Efter en crosschecking mot magtrakten fr\u00e5n Buffalo-forwarden Jason Zucker f\u00f6ll <a href=\"https:\/\/hockeysverige.se\/spelare\/william-nylander\/\" rel=\"nofollow noopener\" target=\"_blank\">William Nylander<\/a> till isen, innan han skrinnade ut till b\u00e5set och sedermera vandrade vidare in i omkl\u00e4dningsrummet. Nylander \u00e5terv\u00e4nde d\u00e4refter aldrig till spel i matchen, som Toronto till slut f\u00f6rlorade med 3\u20135 sedan Alex Tuch punkterat matchen med tre minuter kvar att spela.<\/p>\n<p>Ligger tv\u00e5a i NHL:s po\u00e4ngliga<\/p>\n<p>Efter matchen hade tr\u00e4naren Craig Berube ingen uppdatering kring Nylanders status, mer \u00e4n att han kommer att unders\u00f6kas vidare och riskerar att missa returm\u00f6tet med Sabres som har nedsl\u00e4pp under sena l\u00f6rdagskv\u00e4llen, svensk tid, rapporterar <a href=\"https:\/\/www.sportsnet.ca\/nhl\/article\/maple-leafs-nylander-exits-late-vs-sabres-status-for-saturday-unclear\/\" rel=\"nofollow noopener\" target=\"_blank\">Sportsnet<\/a>.<\/p>\n<p>Innan sm\u00e4llen stod Nylander f\u00f6r ett av Torontos m\u00e5l i matchen, hans tredje f\u00f6r s\u00e4songen, och toppar Maple Leafs interna po\u00e4ngliga med sina 14 po\u00e4ng p\u00e5 de \u00e5tta inledande matcherna. Den noteringen r\u00e4cker till en andraplats i NHL:s po\u00e4ngliga, d\u00e4r han ligger tv\u00e5 po\u00e4ng bakom Vegas storstj\u00e4rna Jack Eichel.<\/p>\n<p>Tv\u00e5 m\u00e5l av Samuelsson<\/p>\n<p>Nattens stora f\u00f6rgrundsfigur var annars svensk-bekantingen Mattias Samuelsson, som stod f\u00f6r tv\u00e5 m\u00e5l i matchen f\u00f6r Bruins. 25-\u00e5ringen \u00e4r f\u00f6dd i USA och representerar det amerikanska landslaget internationellt, men har en svensk pappa i den tidigare NHL-backen Kjell Samuelsson.<\/p>\n<p>Rasmus Dahlin stod f\u00f6r en assist p\u00e5 ett av Samuelssons m\u00e5l, medan Oliver Ekman-Larsson fanns med i f\u00f6rarbetet till Nylanders 1\u20131-m\u00e5l i den f\u00f6rsta perioden.<\/p>\n<blockquote class=\"twitter-tweet\" data-media-max-width=\"560\">\n<p lang=\"en\" dir=\"ltr\">William Nylander went to the dressing room <\/p>\n<p>didn&#8217;t come out for the power play <a href=\"https:\/\/t.co\/CzygveH3Ns\" rel=\"nofollow\">pic.twitter.com\/CzygveH3Ns<\/a><\/p>\n<p>\u2014 Omar (@TicTacTOmar) <a href=\"https:\/\/twitter.com\/TicTacTOmar\/status\/1981895378023932069?ref_src=twsrc%5Etfw\" rel=\"nofollow noopener\" target=\"_blank\">October 25, 2025<\/a><\/p><\/blockquote>\n<p><strong>Buffalo Sabres \u2013 Toronto Maple Leafs 5\u20133<br \/>Buffalo:<\/strong> Mattias Samuelsson 2 (2), Jiri Kulich (3), Tage Thompson (2), Alex Tuch (3).<br \/><strong>Toronto: <\/strong>William Nylander (3), Auston Matthews (5), Dakota Joshua (1).<\/p>\n<p>Se matchens h\u00f6jdpunkter i videospelaren.<\/p>\n<p><script async src=\"https:\/\/platform.twitter.com\/widgets.js\" charset=\"utf-8\"><\/script><\/p>\n","protected":false},"excerpt":{"rendered":"Toronto Maple Leafs jagade en kvittering i nattens 3\u20135-f\u00f6rlust mot Buffalo Sabres.D\u00e5 tvingades William Nylander utg\u00e5 skadad efter&hellip;\n","protected":false},"author":2,"featured_media":63989,"comment_status":"","ping_status":"","sticky":false,"template":"","format":"standard","meta":{"footnotes":""},"categories":[68],"tags":[247,34,133,111,110,31,33,32,30],"class_list":{"0":"post-63988","1":"post","2":"type-post","3":"status-publish","4":"format-standard","5":"has-post-thumbnail","7":"category-sport","8":"tag-nhl","9":"tag-se","10":"tag-second-news","11":"tag-sport","12":"tag-sports","13":"tag-svenska","14":"tag-sverige","15":"tag-sweden","16":"tag-swedish"},"share_on_mastodon":{"url":"https:\/\/pubeurope.com\/@se\/115434478952927289","error":""},"_links":{"self":[{"href":"https:\/\/www.europesays.com\/se\/wp-json\/wp\/v2\/posts\/63988","targetHints":{"allow":["GET"]}}],"collection":[{"href":"https:\/\/www.europesays.com\/se\/wp-json\/wp\/v2\/posts"}],"about":[{"href":"https:\/\/www.europesays.com\/se\/wp-json\/wp\/v2\/types\/post"}],"author":[{"embeddable":true,"href":"https:\/\/www.europesays.com\/se\/wp-json\/wp\/v2\/users\/2"}],"replies":[{"embeddable":true,"href":"https:\/\/www.europesays.com\/se\/wp-json\/wp\/v2\/comments?post=63988"}],"version-history":[{"count":0,"href":"https:\/\/www.europesays.com\/se\/wp-json\/wp\/v2\/posts\/63988\/revisions"}],"wp:featuredmedia":[{"embeddable":true,"href":"https:\/\/www.europesays.com\/se\/wp-json\/wp\/v2\/media\/63989"}],"wp:attachment":[{"href":"https:\/\/www.europesays.com\/se\/wp-json\/wp\/v2\/media?parent=63988"}],"wp:term":[{"taxonomy":"category","embeddable":true,"href":"https:\/\/www.europesays.com\/se\/wp-json\/wp\/v2\/categories?post=63988"},{"taxonomy":"post_tag","embeddable":true,"href":"https:\/\/www.europesays.com\/se\/wp-json\/wp\/v2\/tags?post=63988"}],"curies":[{"name":"wp","href":"https:\/\/api.w.org\/{rel}","templated":true}]}}