{"id":64214,"date":"2025-10-25T17:35:13","date_gmt":"2025-10-25T17:35:13","guid":{"rendered":"https:\/\/www.europesays.com\/se\/64214\/"},"modified":"2025-10-25T17:35:13","modified_gmt":"2025-10-25T17:35:13","slug":"oscar-hamnade-mitt-i-dodsolyckan-utanfor-hestra","status":"publish","type":"post","link":"https:\/\/www.europesays.com\/se\/64214\/","title":{"rendered":"Oscar hamnade mitt i d\u00f6dsolyckan utanf\u00f6r Hestra"},"content":{"rendered":"<p>Publicerad 25 okt 2025 kl 17.59Uppdaterad kl 18.19<\/p>\n<p>I ena sekunden satt Oscar Sv\u00e4rd, 19, p\u00e5 skolbussen och tittade i sin mobil.<\/p>\n<p>N\u00e4sta h\u00f6rde han en sm\u00e4ll.<\/p>\n<p>D\u00e5 hade bussen frontalkrockat med en bil \u2013 och hamnat i diket.<\/p>\n<p>\u2013 Man hann t\u00e4nka massa olika tankar, s\u00e4ger Oscar Sv\u00e4rd. \u00a0<\/p>\n<p>Nyheter, reportage och analyser i Sverige och i \u00f6vriga v\u00e4rlden.<img   alt=\"\"\/><\/p>\n<p>Oscar Sv\u00e4rd minns inte allt fr\u00e5n sj\u00e4lva sm\u00e4llen, men s\u00e4ger att han f\u00f6rs\u00f6kte beh\u00e5lla lugnet och att alla hj\u00e4lptes \u00e5t f\u00f6r att f\u00e5 ut alla inblandade fr\u00e5n bussen.<\/p>\n<p>Foto: Privat<\/p>\n<p>\u00d6ppna bild i helsk\u00e4rm<img loading=\"lazy\"   alt=\"\"\/><\/p>\n<p>I bussen satt 29 personer och i personbilen en man i 25-\u00e5rs\u00e5ldern som avled av sina skador.<\/p>\n<p>Foto: Johan Wallesj\u00f6 \/ V\u00e4rnamo Nyheter<\/p>\n<p>\u00d6ppna bild i helsk\u00e4rm<img loading=\"lazy\"   alt=\"\"\/><\/p>\n<p>Oscar Sv\u00e4rds kn\u00e4 fick en sm\u00e4ll n\u00e4r han hoppade ut fr\u00e5n bussen, men han beh\u00f6vde inte f\u00f6ras med ambulans till sjukhus.<\/p>\n<p>Foto: Privat<\/p>\n<p>\u00d6ppna bild i helsk\u00e4rm<\/p>\n<p>Larmet om olyckan kom in till SOS strax efter klockan 18 p\u00e5 fredagskv\u00e4llen. D\u00e5 hade en buss och en personbil frontalkrockat p\u00e5 riksv\u00e4g 26 utanf\u00f6r Hestra.<\/p>\n<p>I bilen satt en man i 25-\u00e5rs\u00e5ldern, som <a href=\"https:\/\/www.expressen.se\/nyheter\/sverige\/allvarlig-olycka-vid-hestra-buss-och-bil-i-frontalkrock\/\" rel=\"nofollow noopener\" target=\"_blank\">avled av sina skador<\/a>.<\/p>\n<p>I bussen satt totalt 29 personer, varav de flesta ungdomar fr\u00e5n <a href=\"https:\/\/www.expressen.se\/tagg\/location\/falkenberg\/\" class=\"\" rel=\"nofollow noopener\" target=\"_blank\">Falkenbergs<\/a> gymnasieskola, som var p\u00e5 v\u00e4g tillbaka efter en skolresa i Stockholm.<\/p>\n<p>Oscar p\u00e5 olycksbussen: \u201dJ\u00e4tter\u00e4dd\u201d<\/p>\n<p>En av personerna p\u00e5 bussen var Oscar Sv\u00e4rd, 19.<\/p>\n<p>Han har egentligen redan g\u00e5tt ut skolan, men hade varit i Stockholm och fick f\u00f6lja med n\u00e4r eleverna \u00e5kte hem igen.<\/p>\n<p>19-\u00e5ringen, som ocks\u00e5 har pratat med <a href=\"https:\/\/www.hn.se\/nyheter\/falkenberg\/chockade-elever-efter-olyckan-mirakel-att-det-gick-bra.7a3cd0a6-5244-495c-9520-6d498d55f10b\" rel=\"nofollow noopener\" target=\"_blank\">Hallands Nyheter<\/a> och <a href=\"https:\/\/www.svt.se\/nyheter\/lokalt\/halland\/ebba-18-satt-i-bussen-som-frontalkrockade-hemskt\" rel=\"nofollow noopener\" target=\"_blank\">SVT Halland<\/a>, ber\u00e4ttar att han satt och h\u00f6ll p\u00e5 med sin mobil n\u00e4r han pl\u00f6tsligt h\u00f6rde en sm\u00e4ll.<\/p>\n<p>\u2013 N\u00e4r man kollar upp \u00e4r man i diket och s\u00e5 h\u00f6r man att alla p\u00e5 bussen har sm\u00e5tt panik och man \u00e4r j\u00e4tter\u00e4dd. Man vet inte vad som har h\u00e4nt, s\u00e4ger han.<\/p>\n<p>Fick krossa f\u00f6nster och hoppa<\/p>\n<p>Oscar Sv\u00e4rd f\u00f6rs\u00f6kte beh\u00e5lla lugnet, och s\u00e4ger att alla p\u00e5 bussen st\u00f6ttade varandra. De var tvungna att krossa en ruta f\u00f6r att lyckas ta sig ut, och fick sen hoppa cirka tv\u00e5 meter ner i ett dike. Men alla hj\u00e4lptes \u00e5t och 19-\u00e5ringen vill g\u00e4rna lyfta fram att samarbetet mellan eleverna och l\u00e4rarna var \u201dhelt fantastiskt\u201d.<\/p>\n<p>Han ber\u00e4ttar att m\u00e5nga bilister ocks\u00e5 stannade f\u00f6r att hj\u00e4lpa till, och bland annat sprang ut med en stege och med filtar.<\/p>\n<p>Sen upplevde han att r\u00e4ddningstj\u00e4nsten var snabbt p\u00e5 plats.<\/p>\n<p>\u2013 N\u00e4r man h\u00f6rde bl\u00e5ljusen k\u00e4nde man ett lugn, s\u00e4ger Oscar Sv\u00e4rd.<\/p>\n<p>\u201dEn hemsk olycka\u201d<\/p>\n<p>Fr\u00e5n bussen fick fyra personer f\u00f6ras till sjukhus med ambulans, men de klarade sig undan med lindriga skador. \u00d6vriga togs till sjukhuset i J\u00f6nk\u00f6ping med en ers\u00e4ttningsbuss, d\u00e4r de unders\u00f6ktes av l\u00e4kare.<\/p>\n<p>Oscar Sv\u00e4rd har en gammal kn\u00e4skada som gick upp n\u00e4r han hoppade ner i diket, och han s\u00e4ger att han fortfarande k\u00e4nner av den sm\u00e4rtan dagen efter olyckan.<\/p>\n<p>\u2013 Sen \u00e4r man sj\u00e4lvklart chockad. Det \u00e4r lite sv\u00e5rt att bearbeta att man har varit med om en s\u00e5 hemsk olycka, och man t\u00e4nker p\u00e5 vad som mer hade kunnat h\u00e4nda. Man \u00e4r glad att det inte blev v\u00e4rre.<\/p>\n<p>St\u00f6d fr\u00e5n skolan i Falkenberg<\/p>\n<p>Under l\u00f6rdagen har Falkenbergs gymnasieskola h\u00e5llit \u00f6ppet f\u00f6r de inblandade, med l\u00e4rare och gymnasiechef p\u00e5 plats, och skolan erbjuder \u00e4ven st\u00f6d fr\u00e5n elevh\u00e4lsan n\u00e4sta vecka.<\/p>\n<p>\u2013 Det var fint att se att skolan h\u00f6ll \u00f6ppet en l\u00f6rdag och det \u00e4r sk\u00f6nt att veta att det finns resurser att prata med, s\u00e4ger Oscar Sv\u00e4rd.<\/p>\n<p>Polisen ska nu utreda olyckan och hur den kunde intr\u00e4ffa.<\/p>\n","protected":false},"excerpt":{"rendered":"Publicerad 25 okt 2025 kl 17.59Uppdaterad kl 18.19 I ena sekunden satt Oscar Sv\u00e4rd, 19, p\u00e5 skolbussen och&hellip;\n","protected":false},"author":2,"featured_media":64215,"comment_status":"","ping_status":"","sticky":false,"template":"","format":"standard","meta":{"footnotes":""},"categories":[5],"tags":[22,23,26,27,17,21,24,25,783,28,29,15,16,18,34,154,31,33,32,30,19,4070,20],"class_list":{"0":"post-64214","1":"post","2":"type-post","3":"status-publish","4":"format-standard","5":"has-post-thumbnail","7":"category-rubriker","8":"tag-breaking-news","9":"tag-breakingnews","10":"tag-featured-news","11":"tag-featurednews","12":"tag-headlines","13":"tag-huvudnyheter","14":"tag-latest-news","15":"tag-latestnews","16":"tag-location-falkenberg","17":"tag-main-news","18":"tag-mainnews","19":"tag-news","20":"tag-nyheter","21":"tag-rubriker","22":"tag-se","23":"tag-sections-sverige","24":"tag-svenska","25":"tag-sverige","26":"tag-sweden","27":"tag-swedish","28":"tag-top-stories","29":"tag-topic-trafikolycka","30":"tag-topstories"},"share_on_mastodon":{"url":"https:\/\/pubeurope.com\/@se\/115436016360664895","error":""},"_links":{"self":[{"href":"https:\/\/www.europesays.com\/se\/wp-json\/wp\/v2\/posts\/64214","targetHints":{"allow":["GET"]}}],"collection":[{"href":"https:\/\/www.europesays.com\/se\/wp-json\/wp\/v2\/posts"}],"about":[{"href":"https:\/\/www.europesays.com\/se\/wp-json\/wp\/v2\/types\/post"}],"author":[{"embeddable":true,"href":"https:\/\/www.europesays.com\/se\/wp-json\/wp\/v2\/users\/2"}],"replies":[{"embeddable":true,"href":"https:\/\/www.europesays.com\/se\/wp-json\/wp\/v2\/comments?post=64214"}],"version-history":[{"count":0,"href":"https:\/\/www.europesays.com\/se\/wp-json\/wp\/v2\/posts\/64214\/revisions"}],"wp:featuredmedia":[{"embeddable":true,"href":"https:\/\/www.europesays.com\/se\/wp-json\/wp\/v2\/media\/64215"}],"wp:attachment":[{"href":"https:\/\/www.europesays.com\/se\/wp-json\/wp\/v2\/media?parent=64214"}],"wp:term":[{"taxonomy":"category","embeddable":true,"href":"https:\/\/www.europesays.com\/se\/wp-json\/wp\/v2\/categories?post=64214"},{"taxonomy":"post_tag","embeddable":true,"href":"https:\/\/www.europesays.com\/se\/wp-json\/wp\/v2\/tags?post=64214"}],"curies":[{"name":"wp","href":"https:\/\/api.w.org\/{rel}","templated":true}]}}