{"id":64219,"date":"2025-10-25T17:43:10","date_gmt":"2025-10-25T17:43:10","guid":{"rendered":"https:\/\/www.europesays.com\/se\/64219\/"},"modified":"2025-10-25T17:43:10","modified_gmt":"2025-10-25T17:43:10","slug":"tre-punkter-blavitt-nasta-till-rakning-for-djurgarden","status":"publish","type":"post","link":"https:\/\/www.europesays.com\/se\/64219\/","title":{"rendered":"TRE PUNKTER: &#8221;Bl\u00e5vitt n\u00e4sta till rakning f\u00f6r Djurg\u00e5rden&#8221;"},"content":{"rendered":"<p><strong>STOCKHOLM. 8-2, 6-2. Det \u00e4r <a href=\"https:\/\/fotbolldirekt.se\/klubb\/djurgardens-if\/\" rel=\"nofollow noopener\" target=\"_blank\">Djurg\u00e5rdens<\/a> resultat i senaste tv\u00e5 hemmamatcherna.<br \/>Efter pulvriseringarna av Sirius och V\u00e4rnamo \u00e4r IFK G\u00f6teborg n\u00e4sta till rakning h\u00e4r p\u00e5 3Arena kommande helg \u2013 och fr\u00e5gan \u00e4r om Stefan Billborns manskap \u00e4r beredda p\u00e5 vad som v\u00e4ntar. Galna siffror fr\u00e5n ett Dif som v\u00e4grar ge upp Europa. <\/strong><\/p>\n<p><img loading=\"lazy\" decoding=\"async\" width=\"1024\" height=\"576\" src=\"https:\/\/www.europesays.com\/se\/wp-content\/uploads\/2025\/10\/Keita-1-1024x576.jpg\" alt=\"\" class=\"wp-image-333183\"  \/>Foto: Bildbyr\u00e5n <\/p>\n<p>***<\/p>\n<p>K\u00e4ndes som en tidsfr\u00e5ga \u2013 nu sl\u00e4pper inte Priske skytteligasegern<\/p>\n<p>Ikapp Nahir Besara i minut 50. 72 sekunder senare var <a href=\"https:\/\/fotbolldirekt.se\/spelare\/august-priske\/\" rel=\"nofollow noopener\" target=\"_blank\">August Priske<\/a> ocks\u00e5 f\u00f6rbi som ny skytteligaledare. Med tanke p\u00e5 m\u00e5lstimmet som dansken varit i efter uppeh\u00e5llet i juni har det h\u00e4r k\u00e4nts som en tidsfr\u00e5ga \u2013 och nu sl\u00e4pper inte Priske skytteligasegern. 17 m\u00e5l ett faktum och sportchef Bosse Andersson slickar sig s\u00e5 klart runt munnen. En megaf\u00f6rs\u00e4ljning att v\u00e4nta i vinter f\u00f6r Priske och Djurg\u00e5rden.<\/p>\n<p>Djurg\u00e5rdens galna siffror \u2013 IFK G\u00f6teborg n\u00e4sta till rakning<\/p>\n<p>Djurg\u00e5rden har p\u00e5 sina tv\u00e5 senaste hemmamatcher gjort 14 m\u00e5l. \u00c5tta kom mot Sirius, sex nu mot V\u00e4rnamo. 8-2 och 6-2 \u00e4r tv\u00e5 resultat som s\u00e5 klart sticker ut och redan n\u00e4sta helg \u00e4r det ny hemmamatch d\u00e5 IFK G\u00f6teborg kommer p\u00e5 bes\u00f6k \u2013 n\u00e4sta lag till rakning f\u00f6r ett Dif som ser stekheta ut p\u00e5 3Arena. Djurg\u00e5rden upp p\u00e5 fj\u00e4rdeplats i v\u00e4ntan p\u00e5 de andra Europajagande klubbarnas matcher i helgen och trots de tunga tappen mot Degerfors och Gais p\u00e5 bortaplan v\u00e4grar Stockholmsklubben ge upp Europa, det visade ett m\u00e5lglatt Dif i dag mot ett visserligen utcheckat och degraderat V\u00e4rnamo. <\/p>\n<p>Orov\u00e4ckande med Kosugi <\/p>\n<p>Mot Gais var det Theo Bergvall som bara kunde spela 45 minuter innan handduken tvingades kastas in <a href=\"https:\/\/fotbolldirekt.se\/allsvenskan\/angrar-sig-borde-aldrig-ha-spelat\/#:~:text=Theo%20Bergvall%20spelade%20magsjuk%20mot,helt%20bra%2C%20s%C3%A4ger%20Djurg%C3%A5rdens%20h%C3%B6gerback.\" rel=\"nofollow noopener\" target=\"_blank\">p\u00e5 grund av magsjuka<\/a>. Nu var det Bergvall som i omg\u00e5ngen d\u00e4rp\u00e5 byttes in efter f\u00f6rsta halvlek \u2013 detta d\u00e5 Keita Kosugi inte kunde forts\u00e4tta. Vad som sp\u00f6kar f\u00f6r japanen som vill f\u00e5 till en flytt i vinter f\u00f6r att <a href=\"https:\/\/fotbolldirekt.se\/allsvenskan\/detaljen-som-kan-fa-kosugi-att-lamna-djurgarden\/\" rel=\"nofollow noopener\" target=\"_blank\">st\u00e4rka chanserna till VM-spel i sommar <\/a>vet vi \u00e4nnu inte, men klart att det h\u00e4r kan oroa f\u00f6r b\u00e5de honom sj\u00e4lv och Djurg\u00e5rden i jakten p\u00e5 Europaspel om det skulle visa sig vara n\u00e5got allvarligt. <\/p>\n","protected":false},"excerpt":{"rendered":"STOCKHOLM. 8-2, 6-2. Det \u00e4r Djurg\u00e5rdens resultat i senaste tv\u00e5 hemmamatcherna.Efter pulvriseringarna av Sirius och V\u00e4rnamo \u00e4r IFK&hellip;\n","protected":false},"author":2,"featured_media":64220,"comment_status":"","ping_status":"","sticky":false,"template":"","format":"standard","meta":{"footnotes":""},"categories":[5],"tags":[22,23,26,27,17,754,21,24,25,28,29,15,16,18,34,31,33,32,30,19,20],"class_list":{"0":"post-64219","1":"post","2":"type-post","3":"status-publish","4":"format-standard","5":"has-post-thumbnail","7":"category-rubriker","8":"tag-breaking-news","9":"tag-breakingnews","10":"tag-featured-news","11":"tag-featurednews","12":"tag-headlines","13":"tag-huvudblock","14":"tag-huvudnyheter","15":"tag-latest-news","16":"tag-latestnews","17":"tag-main-news","18":"tag-mainnews","19":"tag-news","20":"tag-nyheter","21":"tag-rubriker","22":"tag-se","23":"tag-svenska","24":"tag-sverige","25":"tag-sweden","26":"tag-swedish","27":"tag-top-stories","28":"tag-topstories"},"share_on_mastodon":{"url":"https:\/\/pubeurope.com\/@se\/115436047815889464","error":""},"_links":{"self":[{"href":"https:\/\/www.europesays.com\/se\/wp-json\/wp\/v2\/posts\/64219","targetHints":{"allow":["GET"]}}],"collection":[{"href":"https:\/\/www.europesays.com\/se\/wp-json\/wp\/v2\/posts"}],"about":[{"href":"https:\/\/www.europesays.com\/se\/wp-json\/wp\/v2\/types\/post"}],"author":[{"embeddable":true,"href":"https:\/\/www.europesays.com\/se\/wp-json\/wp\/v2\/users\/2"}],"replies":[{"embeddable":true,"href":"https:\/\/www.europesays.com\/se\/wp-json\/wp\/v2\/comments?post=64219"}],"version-history":[{"count":0,"href":"https:\/\/www.europesays.com\/se\/wp-json\/wp\/v2\/posts\/64219\/revisions"}],"wp:featuredmedia":[{"embeddable":true,"href":"https:\/\/www.europesays.com\/se\/wp-json\/wp\/v2\/media\/64220"}],"wp:attachment":[{"href":"https:\/\/www.europesays.com\/se\/wp-json\/wp\/v2\/media?parent=64219"}],"wp:term":[{"taxonomy":"category","embeddable":true,"href":"https:\/\/www.europesays.com\/se\/wp-json\/wp\/v2\/categories?post=64219"},{"taxonomy":"post_tag","embeddable":true,"href":"https:\/\/www.europesays.com\/se\/wp-json\/wp\/v2\/tags?post=64219"}],"curies":[{"name":"wp","href":"https:\/\/api.w.org\/{rel}","templated":true}]}}