{"id":64312,"date":"2025-10-25T20:06:12","date_gmt":"2025-10-25T20:06:12","guid":{"rendered":"https:\/\/www.europesays.com\/se\/64312\/"},"modified":"2025-10-25T20:06:12","modified_gmt":"2025-10-25T20:06:12","slug":"leksands-mardromsfacit-far-backa-till-2003","status":"publish","type":"post","link":"https:\/\/www.europesays.com\/se\/64312\/","title":{"rendered":"Leksands mardr\u00f6msfacit &#8221;F\u00e5r backa till 2003&#8221;"},"content":{"rendered":"<p><strong>Leksand har fortsatta problem i m\u00e5lskyttet. N\u00e4r mardr\u00f6msraden mot Djurg\u00e5rden f\u00f6rl\u00e4ngdes under l\u00f6rdagen skickade Johan Hedberg d\u00e5 tillbaka en passning till experterna.<br \/>\u2013 Jag har inte riktigt samma k\u00e4nsla som du, s\u00e4ger Hedberg till TV4:s Petter R\u00f6nnqvist efter 1\u20133-matchen.<\/strong><\/p>\n<p><img loading=\"lazy\" decoding=\"async\" width=\"1024\" height=\"658\" src=\"https:\/\/www.europesays.com\/se\/wp-content\/uploads\/2025\/10\/Hedberg-1-1024x658.webp.webp\" alt=\"\" class=\"wp-image-318217\"  \/>Johan Hedberg, samt TV4:s Fredrik S\u00f6derstr\u00f6m och Petter R\u00f6nnqvist. Foto: Bildbyr\u00e5n (montage).<\/p>\n<p>Den 25 september st\u00e4lldes <a href=\"https:\/\/hockeysverige.se\/klubb\/leksands-if\/\" rel=\"nofollow noopener\" target=\"_blank\">Leksand<\/a> mot Skellefte\u00e5. En match som slutade i en 8\u20135-seger p\u00e5 hemmaplan. \u00c4nd\u00e5 har problemen i m\u00e5lskyttet varit fokus b\u00e5de inifr\u00e5n och utifr\u00e5n under en m\u00e5nads tid nu. Sedan dess har SHL-laget n\u00e4mligen endast gjort tolv m\u00e5l p\u00e5 de tio f\u00f6ljande matcherna.<\/p>\n<p>I den senaste av dessa s\u00e4krade Djurg\u00e5rden segern p\u00e5 bortaplan \u2013 trots 14\u201328 i skott.<\/p>\n<p>\u2013\u00a0Det \u00e4r som att Leksand gjorde slut p\u00e5 sina m\u00e5l mot Skellefte\u00e5, s\u00e4ger TV4:s kommentator Bj\u00f6rn Old\u00e9n i s\u00e4ndningen av 1\u20133-matchen.\u00a0<\/p>\n<p>Att det inte blev n\u00e5got trendbrott mot just Djurg\u00e5rden \u00e4r kanske inte \u00e4r s\u00e5 f\u00f6rv\u00e5nande f\u00f6r de egna fansen. Stockholmarna har n\u00e4mligen fem raka segrar mot Leksand och har tagit po\u00e4ng f\u00f6r 13:e g\u00e5ngen i f\u00f6ljd n\u00e4r man \u00e5kt till Dalarna. <\/p>\n<p>\u2013\u00a0Man f\u00e5r allts\u00e5 backa till 2003 i SHL-sammanhang d\u00e5 de senast var utan po\u00e4ng Djurg\u00e5rden, s\u00e4ger Old\u00e9en. <\/p>\n<p>Passningen till experterna: \u201dMycket snack om det d\u00e4r\u201d<\/p>\n<p>N\u00e4r matchen \u00e4r slut ber\u00e4ttar huvudtr\u00e4narn Johan Hedberg vad som sades inf\u00f6r tredje perioden d\u00e5 man l\u00e5g under med 0\u20132.<\/p>\n<p>\u2013\u00a0Ungef\u00e4r det, att det kan vara h\u00e4r som v\u00e5r s\u00e4song v\u00e4nder. Det \u00e4r ett skott ifr\u00e5n att det blir 1\u20132 och d\u00e5 kan vi f\u00e5 ig\u00e5ng arenan, det blir tryck h\u00e4rinne och vi kan f\u00e5 lite sj\u00e4lvf\u00f6rtroende i det, s\u00e4ger Hedberg och forts\u00e4tter:<br \/>\u2013\u00a0Det k\u00e4nns bra n\u00e4r vi l\u00e4mnar rummet och jag tycker att killarna \u00e4r p\u00e5, men vi f\u00e5r inte tag i Djurg\u00e5rden f\u00f6rr\u00e4n i slutet av perioden. De lyckas spela bort oss och vi kommer inte samlade i v\u00e5r forecheck. Det g\u00e5r emot oss. <\/p>\n<p>I en <a href=\"https:\/\/hockeysverige.se\/shl\/leksand-ras-problem-soderstrom\/\" rel=\"nofollow noopener\" target=\"_blank\">intervju med hockeysverige.se tidigare i veckan<\/a> lyfte TV4:s Fredrik S\u00f6derstr\u00f6m de problem Leksand st\u00e5r inf\u00f6r. Experten menade d\u00e5 att energin b\u00f6rjat f\u00f6rsvinna fr\u00e5n laget, n\u00e5got som Petter R\u00f6nnqvist \u00e4ven tar upp i studion. Hedberg passar d\u00e5 p\u00e5 att skicka tillbaka en passning.<\/p>\n<p>\u2013 Nej, det tror jag absolut inte. Det \u00e4r mycket snack om det d\u00e4r fr\u00e5n m\u00e5nga fr\u00e5n media som s\u00e4ger att det ska vara jobbigt att spela hockey. Det \u00e4r klart att det \u00e4r jobbigt att spela hockey. Min filosofi \u00e4r att det \u00e4r roligare att vinna pucken i anfallszon och l\u00e5ta f\u00f6tterna g\u00e5 i f\u00f6rsta l\u00e4get, s\u00e5 kan vi ha pucken ist\u00e4llet f\u00f6r att jaga den.<\/p>\n<p>N\u00e4r energin \u00e5terigen kommer p\u00e5 tal blir svaret f\u00f6ljande.<\/p>\n<p>\u2013 Jag f\u00e5r kolla igen d\u00e5. Jag har inte riktigt samma k\u00e4nsla som du, s\u00e4ger Hedberg till R\u00f6nnqvist. <\/p>\n","protected":false},"excerpt":{"rendered":"Leksand har fortsatta problem i m\u00e5lskyttet. N\u00e4r mardr\u00f6msraden mot Djurg\u00e5rden f\u00f6rl\u00e4ngdes under l\u00f6rdagen skickade Johan Hedberg d\u00e5 tillbaka&hellip;\n","protected":false},"author":2,"featured_media":64313,"comment_status":"","ping_status":"","sticky":false,"template":"","format":"standard","meta":{"footnotes":""},"categories":[68],"tags":[34,134,111,110,31,33,32,30,379],"class_list":{"0":"post-64312","1":"post","2":"type-post","3":"status-publish","4":"format-standard","5":"has-post-thumbnail","7":"category-sport","8":"tag-se","9":"tag-shl","10":"tag-sport","11":"tag-sports","12":"tag-svenska","13":"tag-sverige","14":"tag-sweden","15":"tag-swedish","16":"tag-top-article"},"share_on_mastodon":{"url":"https:\/\/pubeurope.com\/@se\/115436610242754664","error":""},"_links":{"self":[{"href":"https:\/\/www.europesays.com\/se\/wp-json\/wp\/v2\/posts\/64312","targetHints":{"allow":["GET"]}}],"collection":[{"href":"https:\/\/www.europesays.com\/se\/wp-json\/wp\/v2\/posts"}],"about":[{"href":"https:\/\/www.europesays.com\/se\/wp-json\/wp\/v2\/types\/post"}],"author":[{"embeddable":true,"href":"https:\/\/www.europesays.com\/se\/wp-json\/wp\/v2\/users\/2"}],"replies":[{"embeddable":true,"href":"https:\/\/www.europesays.com\/se\/wp-json\/wp\/v2\/comments?post=64312"}],"version-history":[{"count":0,"href":"https:\/\/www.europesays.com\/se\/wp-json\/wp\/v2\/posts\/64312\/revisions"}],"wp:featuredmedia":[{"embeddable":true,"href":"https:\/\/www.europesays.com\/se\/wp-json\/wp\/v2\/media\/64313"}],"wp:attachment":[{"href":"https:\/\/www.europesays.com\/se\/wp-json\/wp\/v2\/media?parent=64312"}],"wp:term":[{"taxonomy":"category","embeddable":true,"href":"https:\/\/www.europesays.com\/se\/wp-json\/wp\/v2\/categories?post=64312"},{"taxonomy":"post_tag","embeddable":true,"href":"https:\/\/www.europesays.com\/se\/wp-json\/wp\/v2\/tags?post=64312"}],"curies":[{"name":"wp","href":"https:\/\/api.w.org\/{rel}","templated":true}]}}