{"id":64379,"date":"2025-10-26T00:39:13","date_gmt":"2025-10-26T00:39:13","guid":{"rendered":"https:\/\/www.europesays.com\/se\/64379\/"},"modified":"2025-10-26T00:39:13","modified_gmt":"2025-10-26T00:39:13","slug":"forsta-fulaste-och-viktigaste-malet-avgjorde-for-degerfors-fattade-ingenting-vf","status":"publish","type":"post","link":"https:\/\/www.europesays.com\/se\/64379\/","title":{"rendered":"F\u00f6rsta, fulaste och viktigaste m\u00e5let avgjorde f\u00f6r Degerfors: \u201dFattade ingenting\u201d &#8211; VF"},"content":{"rendered":"<ol>\n<li><a href=\"https:\/\/news.google.com\/rss\/articles\/CBMisgFBVV95cUxQSXhQQmdTa2xnMlhLNmxXRTRYWjVuUVA0VTVNNTlDd2lNUldyd0RKeE9qX0Q2OFkzci14VG5yRWItekZLTk1QblRlZ24tSUN1elZhSkJIMTRJeHZIVHVkcWVnU1JIcHItc2dYNzNqQVU4WktuUVllWXM2S0o3R3NlMTBGMWhLdVJjRHdPWENvc1lRNFV4SEJPcFlzc2NyZHhNRVZmOEd3eFc5SWhNalV5NUN3?oc=5\" target=\"_blank\" rel=\"nofollow noopener\">F\u00f6rsta, fulaste och viktigaste m\u00e5let avgjorde f\u00f6r Degerfors: \u201dFattade ingenting\u201d<\/a>&nbsp;&nbsp;VF<\/li>\n<li><a href=\"https:\/\/news.google.com\/rss\/articles\/CBMiqwFBVV95cUxQeXhuM0txai1PQS1GZW5tOUVadTQ3eW5BSk5TbW1fTUZvUF9fcjVieWlDeGFCWUNBaVdKOEZNZTFMQXVQeFB4NWdNdUJjN01FcDFkbE80X2owYy1ZdHpKd2ZyejlOcko1T3JYM1UzX1NYeHFkb28xNUprdVRMaGlNT1dPWG50S2xpY2hZYWR2LV8zWTQ1eWRGX3ZsbExWQjlGNWRMWHdtanRGb1E?oc=5\" target=\"_blank\" rel=\"nofollow noopener\">Avgjorde allsvenska \u00e5ngestm\u00f6tet p\u00e5 stopptid<\/a>&nbsp;&nbsp;Aftonbladet<\/li>\n<li><a href=\"https:\/\/news.google.com\/rss\/articles\/CBMiekFVX3lxTFAyTUZaU1YyN1ZKM3IzLTh2a3pzOVhYSkNwMnJxTUdzcS1WMTgwYjQ1dXAzdVFIRThUMjd5WXhRb3ROa2tOcFJZOS1oY0pQc0FUcjFla2xUVm13T1JUbjBNUWJIV2Z0MnJtdDhmb2pHVmhBYVdMRWNsVW13?oc=5\" target=\"_blank\" rel=\"nofollow noopener\">Fotboll: Degerfors vann \u00e5ngestm\u00f6tet med \u00d6ster \u2013 Elias Barsoum hj\u00e4lte p\u00e5 stopptid<\/a>&nbsp;&nbsp;SVT Nyheter<\/li>\n<li><a href=\"https:\/\/news.google.com\/rss\/articles\/CBMisgFBVV95cUxPNUEyTE9uRjJ1UU1RYkNKNkpVQ3JtamVRNGZQQTlGUU9uNS1lcnc5dU1NLVZMT0NPOHkwXzVkWkpXWTh3SWcyRE9UeFBVS3Fkcld2bGlqdEhPYUVLNXpPZGk3ZmFMaVk3MzhxUnMxUjJxODg2aFB2YjZjbEZjTnZZUndtRjVOVzRYYzF2LXB1S3UwZWdDckp3RS1NbnhhcHRXUmdKTGlqcFI3U2NlbklvQUVB?oc=5\" target=\"_blank\" rel=\"nofollow noopener\">Stora hj\u00e4lten om udda firandet: \u201dAllsvenskans fulaste m\u00e5l, fattade inte\u201d<\/a>&nbsp;&nbsp;KT-Kuriren<\/li>\n<li><a href=\"https:\/\/news.google.com\/rss\/articles\/CBMilwFBVV95cUxQVnpvNHBqLUtocmFaVVVIYWdtbVJ1QW5KM0gtOVN5M3hQYmVLY00xTUNoNzNfeWwtZl9ld0R1UjBBbV80bHQtMHZNUUV4MjJCa1NETXlaMHh2eXdmT05KNUhEdFBaMl9BcFZRZVVRbkVvR0FBSENLZGQ2SE05Y3FyVE0tdXBkMmx2TDN6TnpPQzgyaG9ybnNF?oc=5\" target=\"_blank\" rel=\"nofollow noopener\">Dan Magnusson: Nu kr\u00e4vs mini-mirakel f\u00f6r att r\u00e4dda \u00d6ster<\/a>&nbsp;&nbsp;Sveriges Radio<\/li>\n<\/ol>\n","protected":false},"excerpt":{"rendered":"F\u00f6rsta, fulaste och viktigaste m\u00e5let avgjorde f\u00f6r Degerfors: \u201dFattade ingenting\u201d&nbsp;&nbsp;VF Avgjorde allsvenska \u00e5ngestm\u00f6tet p\u00e5 stopptid&nbsp;&nbsp;Aftonbladet Fotboll: Degerfors vann&hellip;\n","protected":false},"author":2,"featured_media":64380,"comment_status":"","ping_status":"","sticky":false,"template":"","format":"standard","meta":{"footnotes":""},"categories":[68],"tags":[34,111,110,31,33,32,30],"class_list":{"0":"post-64379","1":"post","2":"type-post","3":"status-publish","4":"format-standard","5":"has-post-thumbnail","7":"category-sport","8":"tag-se","9":"tag-sport","10":"tag-sports","11":"tag-svenska","12":"tag-sverige","13":"tag-sweden","14":"tag-swedish"},"share_on_mastodon":{"url":"https:\/\/pubeurope.com\/@se\/115437683585718338","error":""},"_links":{"self":[{"href":"https:\/\/www.europesays.com\/se\/wp-json\/wp\/v2\/posts\/64379","targetHints":{"allow":["GET"]}}],"collection":[{"href":"https:\/\/www.europesays.com\/se\/wp-json\/wp\/v2\/posts"}],"about":[{"href":"https:\/\/www.europesays.com\/se\/wp-json\/wp\/v2\/types\/post"}],"author":[{"embeddable":true,"href":"https:\/\/www.europesays.com\/se\/wp-json\/wp\/v2\/users\/2"}],"replies":[{"embeddable":true,"href":"https:\/\/www.europesays.com\/se\/wp-json\/wp\/v2\/comments?post=64379"}],"version-history":[{"count":0,"href":"https:\/\/www.europesays.com\/se\/wp-json\/wp\/v2\/posts\/64379\/revisions"}],"wp:featuredmedia":[{"embeddable":true,"href":"https:\/\/www.europesays.com\/se\/wp-json\/wp\/v2\/media\/64380"}],"wp:attachment":[{"href":"https:\/\/www.europesays.com\/se\/wp-json\/wp\/v2\/media?parent=64379"}],"wp:term":[{"taxonomy":"category","embeddable":true,"href":"https:\/\/www.europesays.com\/se\/wp-json\/wp\/v2\/categories?post=64379"},{"taxonomy":"post_tag","embeddable":true,"href":"https:\/\/www.europesays.com\/se\/wp-json\/wp\/v2\/tags?post=64379"}],"curies":[{"name":"wp","href":"https:\/\/api.w.org\/{rel}","templated":true}]}}