{"id":64479,"date":"2025-10-26T05:46:07","date_gmt":"2025-10-26T05:46:07","guid":{"rendered":"https:\/\/www.europesays.com\/se\/64479\/"},"modified":"2025-10-26T05:46:07","modified_gmt":"2025-10-26T05:46:07","slug":"pa-tv-ikvall-var-tom-holland-ratt-val-som-ikonisk-hjalte-i-2022-ars-stora-aventyrsfilm","status":"publish","type":"post","link":"https:\/\/www.europesays.com\/se\/64479\/","title":{"rendered":"P\u00e5 TV ikv\u00e4ll: Var Tom Holland r\u00e4tt val som ikonisk hj\u00e4lte i 2022 \u00e5rs stora \u00e4ventyrsfilm?"},"content":{"rendered":"<p>TV-spelsadaptioner har visat sig fungera v\u00e4ldigt v\u00e4l som serier (\u201dThe Last of Us\u201d, \u201dFallout\u201d), men p\u00e5 bioduken har ingen \u00e4n s\u00e5 l\u00e4nge riktigt f\u00e5tt till det. Ett av de senaste f\u00f6rs\u00f6ken \u00e4r \u201dUncharted\u201d (baserad p\u00e5 \u00e4ventyrsspelen med samma namn) fr\u00e5n 2022, och den lyckas \u00e5tminstone vara underh\u00e5llande. <\/p>\n<p>I \u201dUncharted\u201d f\u00f6ljer vi skattletaren och \u00e4ventyraren Nathan Drake som inleder ett samarbete med den erfarne Victor \u201dSully\u201d Sullivan f\u00f6r att hitta skatter fr\u00e5n Magellans v\u00e4rldsomsegling p\u00e5 1500-talet. Olyckligtvis \u00e4r de inte ensamma om att vilja l\u00e4gga rabarber p\u00e5 rikedomarna: en spansk miljard\u00e4r, en h\u00e4nsynsl\u00f6s legosoldat och en op\u00e5litlig \u00e4ventyrare \u00e4r alla ute efter samma skatt. <\/p>\n<p><strong>Tom Holland<\/strong> och <strong>Mark Wahlberg<\/strong> g\u00f6r huvudrollerna som Nathan och Sully. I \u00f6vriga roller syns <strong>Antonio Banderas<\/strong> (\u201dZorro \u2013 den maskerade h\u00e4mnaren\u201d), <strong>Sophia Ali<\/strong> (\u201dGrey\u2019s Anatomy\u201d), <strong>Tati Gabrielle<\/strong> (\u201dThe 100\u201d) och <strong>Rudy Pankow<\/strong> (\u201dOuter Banks\u201d). Regisserar g\u00f6r <strong>Ruben Fleischer<\/strong> (\u201dZombieland\u201d). <\/p>\n<p>\u201dUncharted\u201d gick igenom en l\u00e5ng och sv\u00e5r produktionsperiod, som tog sin b\u00f6rjan redan 2008. En rad olika regiss\u00f6rer, d\u00e4ribland <strong>David O. Russell<\/strong>, <strong>Shawn Levy<\/strong> och <strong>Dan Trachtenberg<\/strong> hann vara kopplade till projektet genom \u00e5ren, och tillt\u00e4nkta f\u00f6r den ikoniska huvudrollen som Nathan Drake var bland andra <strong>Chris Pratt<\/strong>, <strong>Ryan Reynolds<\/strong> och <strong>Mark Wahlberg<\/strong>, som hann bli f\u00f6r gammal och fick spela Sully i den f\u00e4rdiga filmen. Till slut fick Tom Holland rollen, och uppfattningarna om det var delade \u2013 m\u00e5nga fans ans\u00e5g att han var helt fel f\u00f6r den v\u00e4rldsvane och rappk\u00e4ftade Drake. Vissa \u00f6vertygades av hans insats i filmen, medan andra forts\u00e4ttningsvis anser att det var ett felaktigt beslut. <\/p>\n<p>Du kan se \u201dUncharted\u201d:<\/p>\n<ul class=\"wp-block-list\">\n<li>Ikv\u00e4ll, s\u00f6ndag den 26 oktober, klockan 21:00 p\u00e5 TV3.<\/li>\n<li>L\u00f6rdag den 1 november, klockan 16:50 p\u00e5 TV3. <\/li>\n<li>Streama p\u00e5 Viaplay.<\/li>\n<li>Hyra eller k\u00f6pa p\u00e5 SF Anytime, iTunes eller Prime Video. <\/li>\n<\/ul>\n<p><img loading=\"lazy\" decoding=\"async\" alt=\"YouTube video\" width=\"480\" height=\"360\" data-pin-nopin=\"true\" nopin=\"nopin\" class=\"perfmatters-lazy\" src=\"https:\/\/www.europesays.com\/se\/wp-content\/uploads\/2025\/10\/1761457567_692_hqdefault.jpg\"\/><\/p>\n<p>L\u00e4s ocks\u00e5: <a href=\"https:\/\/www.moviezine.se\/nyheter\/tidernas-7-mest-overskattade-spel\" title=\"Tidernas 10 mest \u00f6verskattade spel\" class=\"underline-custom !font-montserrat !font-bold !underline-offset-4 !decoration-4 !decoration-moviezine-green !text-md\" rel=\"nofollow noopener\" target=\"_blank\">Tidernas 10 mest \u00f6verskattade spel<\/a><\/p>\n<p>L\u00e4s ocks\u00e5: <a href=\"https:\/\/www.moviezine.se\/nyheter\/the-last-of-us-skadis-far-roll-i-spelet-intergalactic\" title=\"\u201dThe Last of Us\u201d-sk\u00e5dis f\u00e5r roll i spelet \u201dIntergalactic\u201d\" class=\"underline-custom !font-montserrat !font-bold !underline-offset-4 !decoration-4 !decoration-moviezine-green !text-md\" rel=\"nofollow noopener\" target=\"_blank\">\u201dThe Last of Us\u201d-sk\u00e5dis f\u00e5r roll i spelet \u201dIntergalactic\u201d<\/a><\/p>\n","protected":false},"excerpt":{"rendered":"TV-spelsadaptioner har visat sig fungera v\u00e4ldigt v\u00e4l som serier (\u201dThe Last of Us\u201d, \u201dFallout\u201d), men p\u00e5 bioduken har&hellip;\n","protected":false},"author":2,"featured_media":64480,"comment_status":"","ping_status":"","sticky":false,"template":"","format":"standard","meta":{"footnotes":""},"categories":[66],"tags":[80,78,79,34,31,33,32,30,81,84,2768,83,82],"class_list":{"0":"post-64479","1":"post","2":"type-post","3":"status-publish","4":"format-standard","5":"has-post-thumbnail","7":"category-vetenskap-och-teknik","8":"tag-science","9":"tag-science-and-technology","10":"tag-scienceandtechnology","11":"tag-se","12":"tag-svenska","13":"tag-sverige","14":"tag-sweden","15":"tag-swedish","16":"tag-technology","17":"tag-teknik","18":"tag-tv-tips","19":"tag-vetenskap","20":"tag-vetenskapteknik"},"share_on_mastodon":{"url":"https:\/\/pubeurope.com\/@se\/115438890755149527","error":""},"_links":{"self":[{"href":"https:\/\/www.europesays.com\/se\/wp-json\/wp\/v2\/posts\/64479","targetHints":{"allow":["GET"]}}],"collection":[{"href":"https:\/\/www.europesays.com\/se\/wp-json\/wp\/v2\/posts"}],"about":[{"href":"https:\/\/www.europesays.com\/se\/wp-json\/wp\/v2\/types\/post"}],"author":[{"embeddable":true,"href":"https:\/\/www.europesays.com\/se\/wp-json\/wp\/v2\/users\/2"}],"replies":[{"embeddable":true,"href":"https:\/\/www.europesays.com\/se\/wp-json\/wp\/v2\/comments?post=64479"}],"version-history":[{"count":0,"href":"https:\/\/www.europesays.com\/se\/wp-json\/wp\/v2\/posts\/64479\/revisions"}],"wp:featuredmedia":[{"embeddable":true,"href":"https:\/\/www.europesays.com\/se\/wp-json\/wp\/v2\/media\/64480"}],"wp:attachment":[{"href":"https:\/\/www.europesays.com\/se\/wp-json\/wp\/v2\/media?parent=64479"}],"wp:term":[{"taxonomy":"category","embeddable":true,"href":"https:\/\/www.europesays.com\/se\/wp-json\/wp\/v2\/categories?post=64479"},{"taxonomy":"post_tag","embeddable":true,"href":"https:\/\/www.europesays.com\/se\/wp-json\/wp\/v2\/tags?post=64479"}],"curies":[{"name":"wp","href":"https:\/\/api.w.org\/{rel}","templated":true}]}}