{"id":64556,"date":"2025-10-26T07:55:08","date_gmt":"2025-10-26T07:55:08","guid":{"rendered":"https:\/\/www.europesays.com\/se\/64556\/"},"modified":"2025-10-26T07:55:08","modified_gmt":"2025-10-26T07:55:08","slug":"teslastrejken-fyller-tva-kostat-metall-100-miljoner","status":"publish","type":"post","link":"https:\/\/www.europesays.com\/se\/64556\/","title":{"rendered":"Teslastrejken fyller tv\u00e5 \u2013 kostat Metall 100 miljoner"},"content":{"rendered":"<p>Teslastrejken, Sveriges l\u00e4ngsta p\u00e5 100 \u00e5r, har nu p\u00e5g\u00e5tt i tv\u00e5 \u00e5r. Enligt German Bender vid tankesmedjan Arena Id\u00e9 har konflikten hittills kostat IF Metall omkring 100 miljoner kronor.<\/p>\n<p>\u2013 Det \u00e4r inte s\u00e5 mycket j\u00e4mf\u00f6rt med IF Metalls strejkkassa p\u00e5 10 miljarder kronor, s\u00e4ger han till SVT Nyheter.<\/p>\n<p>Strejken, som inleddes den 27 oktober 2023, handlar om att Tesla v\u00e4grar teckna kollektivavtal. Cirka 70 IF Metall-medlemmar strejkar fortfarande, med st\u00f6d fr\u00e5n 14 andra fackf\u00f6rbund i flera l\u00e4nder.<\/p>\n<p>Trots \u00e5tg\u00e4rderna p\u00e5verkas Teslas verksamhet begr\u00e4nsat. IF Metalls ordf\u00f6rande Marie Nilsson beskriver konflikten som ett \u201dutmattningskrig\u201d.<\/p>\n<p>Omni \u00e4r politiskt obundna och oberoende. Vi str\u00e4var efter att ge fler perspektiv p\u00e5 nyheterna. Har du fr\u00e5gor eller synpunkter kring v\u00e5r rapportering? <a href=\"https:\/\/omni.se\/teslastrejken-fyller-tva-ar-kostat-if-metall-100-miljoner\/a\/mailto:redaktion@omni.se\" class=\"ArticleActions_contactLink__W2F1M\" rel=\"nofollow noopener\" target=\"_blank\">Kontakta redaktionen<\/a><\/p>\n","protected":false},"excerpt":{"rendered":"Teslastrejken, Sveriges l\u00e4ngsta p\u00e5 100 \u00e5r, har nu p\u00e5g\u00e5tt i tv\u00e5 \u00e5r. Enligt German Bender vid tankesmedjan Arena&hellip;\n","protected":false},"author":2,"featured_media":64557,"comment_status":"","ping_status":"","sticky":false,"template":"","format":"standard","meta":{"footnotes":""},"categories":[5],"tags":[22,23,5957,26,27,17,21,5959,1859,24,25,28,29,15,16,18,34,5958,31,33,32,30,396,19,20],"class_list":{"0":"post-64556","1":"post","2":"type-post","3":"status-publish","4":"format-standard","5":"has-post-thumbnail","7":"category-rubriker","8":"tag-breaking-news","9":"tag-breakingnews","10":"tag-fackforbund","11":"tag-featured-news","12":"tag-featurednews","13":"tag-headlines","14":"tag-huvudnyheter","15":"tag-if-metall","16":"tag-kollektivavtal","17":"tag-latest-news","18":"tag-latestnews","19":"tag-main-news","20":"tag-mainnews","21":"tag-news","22":"tag-nyheter","23":"tag-rubriker","24":"tag-se","25":"tag-strejk","26":"tag-svenska","27":"tag-sverige","28":"tag-sweden","29":"tag-swedish","30":"tag-tesla","31":"tag-top-stories","32":"tag-topstories"},"share_on_mastodon":{"url":"https:\/\/pubeurope.com\/@se\/115439397966755822","error":""},"_links":{"self":[{"href":"https:\/\/www.europesays.com\/se\/wp-json\/wp\/v2\/posts\/64556","targetHints":{"allow":["GET"]}}],"collection":[{"href":"https:\/\/www.europesays.com\/se\/wp-json\/wp\/v2\/posts"}],"about":[{"href":"https:\/\/www.europesays.com\/se\/wp-json\/wp\/v2\/types\/post"}],"author":[{"embeddable":true,"href":"https:\/\/www.europesays.com\/se\/wp-json\/wp\/v2\/users\/2"}],"replies":[{"embeddable":true,"href":"https:\/\/www.europesays.com\/se\/wp-json\/wp\/v2\/comments?post=64556"}],"version-history":[{"count":0,"href":"https:\/\/www.europesays.com\/se\/wp-json\/wp\/v2\/posts\/64556\/revisions"}],"wp:featuredmedia":[{"embeddable":true,"href":"https:\/\/www.europesays.com\/se\/wp-json\/wp\/v2\/media\/64557"}],"wp:attachment":[{"href":"https:\/\/www.europesays.com\/se\/wp-json\/wp\/v2\/media?parent=64556"}],"wp:term":[{"taxonomy":"category","embeddable":true,"href":"https:\/\/www.europesays.com\/se\/wp-json\/wp\/v2\/categories?post=64556"},{"taxonomy":"post_tag","embeddable":true,"href":"https:\/\/www.europesays.com\/se\/wp-json\/wp\/v2\/tags?post=64556"}],"curies":[{"name":"wp","href":"https:\/\/api.w.org\/{rel}","templated":true}]}}