{"id":64559,"date":"2025-10-26T08:01:08","date_gmt":"2025-10-26T08:01:08","guid":{"rendered":"https:\/\/www.europesays.com\/se\/64559\/"},"modified":"2025-10-26T08:01:08","modified_gmt":"2025-10-26T08:01:08","slug":"putin-rustar-upp-vid-kolahalvon","status":"publish","type":"post","link":"https:\/\/www.europesays.com\/se\/64559\/","title":{"rendered":"Putin rustar upp vid Kolahalv\u00f6n"},"content":{"rendered":"<p>Ryssland genomf\u00f6r en upprustning p\u00e5 Kolahalv\u00f6n, s\u00e4ger Norges f\u00f6rsvarsminister Tore Sandvik i en intervju med The Telegraph.<\/p>\n<p>\u2013 Vi \u00e4r Natos \u00f6gon och \u00f6ron i det h\u00e4r omr\u00e5det och vi ser att de testar nya vapen, exempelvis hypersoniska robotar. De testar \u00e4ven k\u00e4rndrivna torpeder och k\u00e4rnstridsspetsar.<\/p>\n<p>Kolahalv\u00f6n \u00e4r hemvist f\u00f6r den ryska Norra flottan och huserar \u00e4ven v\u00e4rldens st\u00f6rsta koncentrerade k\u00e4rnvapenarsenal. Sandvik s\u00e4ger till tidningen att han tror att Ryssland dels f\u00f6rbereder sig f\u00f6r ett eventuellt krig med Nato och att ett av Vladimir Putins m\u00e5l \u00e4r att ta sj\u00f6milit\u00e4r kontroll \u00f6ver hela Arktis.<\/p>\n<p>Omni \u00e4r politiskt obundna och oberoende. Vi str\u00e4var efter att ge fler perspektiv p\u00e5 nyheterna. Har du fr\u00e5gor eller synpunkter kring v\u00e5r rapportering? <a href=\"https:\/\/omni.se\/norge-slar-larm-putin-rustar-upp-vid-kolahalvon\/a\/mailto:redaktion@omni.se\" class=\"ArticleActions_contactLink__W2F1M\" rel=\"nofollow noopener\" target=\"_blank\">Kontakta redaktionen<\/a><\/p>\n","protected":false},"excerpt":{"rendered":"Ryssland genomf\u00f6r en upprustning p\u00e5 Kolahalv\u00f6n, s\u00e4ger Norges f\u00f6rsvarsminister Tore Sandvik i en intervju med The Telegraph. \u2013&hellip;\n","protected":false},"author":2,"featured_media":64560,"comment_status":"","ping_status":"","sticky":false,"template":"","format":"standard","meta":{"footnotes":""},"categories":[14],"tags":[22,23,267,26,27,17,21,24,25,28,29,999,15,430,16,18,264,34,31,33,32,30,19,20,51,52,53,54],"class_list":{"0":"post-64559","1":"post","2":"type-post","3":"status-publish","4":"format-standard","5":"has-post-thumbnail","7":"category-varlden","8":"tag-breaking-news","9":"tag-breakingnews","10":"tag-europa","11":"tag-featured-news","12":"tag-featurednews","13":"tag-headlines","14":"tag-huvudnyheter","15":"tag-latest-news","16":"tag-latestnews","17":"tag-main-news","18":"tag-mainnews","19":"tag-nato","20":"tag-news","21":"tag-norge","22":"tag-nyheter","23":"tag-rubriker","24":"tag-ryssland","25":"tag-se","26":"tag-svenska","27":"tag-sverige","28":"tag-sweden","29":"tag-swedish","30":"tag-top-stories","31":"tag-topstories","32":"tag-varlden","33":"tag-world","34":"tag-world-news","35":"tag-worldnews"},"share_on_mastodon":{"url":"https:\/\/pubeurope.com\/@se\/115439421581021433","error":""},"_links":{"self":[{"href":"https:\/\/www.europesays.com\/se\/wp-json\/wp\/v2\/posts\/64559","targetHints":{"allow":["GET"]}}],"collection":[{"href":"https:\/\/www.europesays.com\/se\/wp-json\/wp\/v2\/posts"}],"about":[{"href":"https:\/\/www.europesays.com\/se\/wp-json\/wp\/v2\/types\/post"}],"author":[{"embeddable":true,"href":"https:\/\/www.europesays.com\/se\/wp-json\/wp\/v2\/users\/2"}],"replies":[{"embeddable":true,"href":"https:\/\/www.europesays.com\/se\/wp-json\/wp\/v2\/comments?post=64559"}],"version-history":[{"count":0,"href":"https:\/\/www.europesays.com\/se\/wp-json\/wp\/v2\/posts\/64559\/revisions"}],"wp:featuredmedia":[{"embeddable":true,"href":"https:\/\/www.europesays.com\/se\/wp-json\/wp\/v2\/media\/64560"}],"wp:attachment":[{"href":"https:\/\/www.europesays.com\/se\/wp-json\/wp\/v2\/media?parent=64559"}],"wp:term":[{"taxonomy":"category","embeddable":true,"href":"https:\/\/www.europesays.com\/se\/wp-json\/wp\/v2\/categories?post=64559"},{"taxonomy":"post_tag","embeddable":true,"href":"https:\/\/www.europesays.com\/se\/wp-json\/wp\/v2\/tags?post=64559"}],"curies":[{"name":"wp","href":"https:\/\/api.w.org\/{rel}","templated":true}]}}