{"id":64705,"date":"2025-10-26T12:00:09","date_gmt":"2025-10-26T12:00:09","guid":{"rendered":"https:\/\/www.europesays.com\/se\/64705\/"},"modified":"2025-10-26T12:00:09","modified_gmt":"2025-10-26T12:00:09","slug":"skjuten-man-skulle-mata-djur-kan-ha-traffats-av-jagare","status":"publish","type":"post","link":"https:\/\/www.europesays.com\/se\/64705\/","title":{"rendered":"Skjuten man skulle mata djur \u2013 kan ha tr\u00e4ffats av j\u00e4gare"},"content":{"rendered":"<p>Av Oscar Lundberg<br \/>Publicerad 26 oktober, 12:14. Uppdaterad 26 oktober, 12:45<\/p>\n<p>En man har hittats skjuten i en skog i F\u00e4ringtofta, utanf\u00f6r Klippan i Sk\u00e5ne, skriver polisen p\u00e5 sin hemsida. Polis och r\u00e4ddningstj\u00e4nst har larmats till platsen efter att en inringare hittat den skottskadade mannen.<\/p>\n<p>Polisen misst\u00e4nker att han kan ha skjutits av j\u00e4gare n\u00e4r han skulle mata djur.<\/p>\n<p>\u2013 Den skjutne mannen skulle utfodra djur. Han \u00e4r f\u00f6rd med br\u00e5dskande ambulanstransport till sjukhus, s\u00e4ger polisens presstalesperson Evelina Olsson till TT.<\/p>\n<p>Skadel\u00e4get \u00e4r \u00e4nnu ok\u00e4nt, men polisen eskorterade ambulansen till sjukhus, vilket pekar p\u00e5 ett allvarligare skadel\u00e4ge. En f\u00f6runders\u00f6kning om grovt v\u00e5llande till kroppsskada har inletts och en avsp\u00e4rrning har uppr\u00e4ttats. <\/p>\n<p>Enligt polisen p\u00e5g\u00e5r jakt i omr\u00e5det. Det \u00e4r dock oklart om det har n\u00e5got med mannens skador att g\u00f6ra.<\/p>\n<p>Omni \u00e4r politiskt obundna och oberoende. Vi str\u00e4var efter att ge fler perspektiv p\u00e5 nyheterna. Har du fr\u00e5gor eller synpunkter kring v\u00e5r rapportering? <a href=\"https:\/\/omni.se\/skjuten-man-hittad-i-skog\/a\/mailto:redaktion@omni.se\" class=\"ArticleActions_contactLink__W2F1M\" rel=\"nofollow noopener\" target=\"_blank\">Kontakta redaktionen<\/a><\/p>\n","protected":false},"excerpt":{"rendered":"Av Oscar LundbergPublicerad 26 oktober, 12:14. Uppdaterad 26 oktober, 12:45 En man har hittats skjuten i en skog&hellip;\n","protected":false},"author":2,"featured_media":64706,"comment_status":"","ping_status":"","sticky":false,"template":"","format":"standard","meta":{"footnotes":"","_share_on_mastodon":"0"},"categories":[5],"tags":[22,23,26,27,17,21,5967,24,25,28,29,15,16,18,34,389,31,33,32,30,19,20],"class_list":["post-64705","post","type-post","status-publish","format-standard","has-post-thumbnail","category-rubriker","tag-breaking-news","tag-breakingnews","tag-featured-news","tag-featurednews","tag-headlines","tag-huvudnyheter","tag-klippan","tag-latest-news","tag-latestnews","tag-main-news","tag-mainnews","tag-news","tag-nyheter","tag-rubriker","tag-se","tag-skane-lan","tag-svenska","tag-sverige","tag-sweden","tag-swedish","tag-top-stories","tag-topstories"],"share_on_mastodon":{"url":"https:\/\/pubeurope.com\/@se\/115440361320872951","error":""},"_links":{"self":[{"href":"https:\/\/www.europesays.com\/se\/wp-json\/wp\/v2\/posts\/64705","targetHints":{"allow":["GET"]}}],"collection":[{"href":"https:\/\/www.europesays.com\/se\/wp-json\/wp\/v2\/posts"}],"about":[{"href":"https:\/\/www.europesays.com\/se\/wp-json\/wp\/v2\/types\/post"}],"author":[{"embeddable":true,"href":"https:\/\/www.europesays.com\/se\/wp-json\/wp\/v2\/users\/2"}],"replies":[{"embeddable":true,"href":"https:\/\/www.europesays.com\/se\/wp-json\/wp\/v2\/comments?post=64705"}],"version-history":[{"count":0,"href":"https:\/\/www.europesays.com\/se\/wp-json\/wp\/v2\/posts\/64705\/revisions"}],"wp:featuredmedia":[{"embeddable":true,"href":"https:\/\/www.europesays.com\/se\/wp-json\/wp\/v2\/media\/64706"}],"wp:attachment":[{"href":"https:\/\/www.europesays.com\/se\/wp-json\/wp\/v2\/media?parent=64705"}],"wp:term":[{"taxonomy":"category","embeddable":true,"href":"https:\/\/www.europesays.com\/se\/wp-json\/wp\/v2\/categories?post=64705"},{"taxonomy":"post_tag","embeddable":true,"href":"https:\/\/www.europesays.com\/se\/wp-json\/wp\/v2\/tags?post=64705"}],"curies":[{"name":"wp","href":"https:\/\/api.w.org\/{rel}","templated":true}]}}