{"id":64811,"date":"2025-10-26T14:59:07","date_gmt":"2025-10-26T14:59:07","guid":{"rendered":"https:\/\/www.europesays.com\/se\/64811\/"},"modified":"2025-10-26T14:59:07","modified_gmt":"2025-10-26T14:59:07","slug":"norges-fredsrad-bojkottar-fredspristagaren-machado","status":"publish","type":"post","link":"https:\/\/www.europesays.com\/se\/64811\/","title":{"rendered":"Norges fredsr\u00e5d bojkottar fredspristagaren Machado"},"content":{"rendered":"<p>Norges fredsr\u00e5d har som tradition att h\u00e5lla ett fackelt\u00e5g till fredspristagarens \u00e4ra p\u00e5 Nobeldagen. Men n\u00e5got s\u00e5dant blir det inte i \u00e5r.<\/p>\n<p>Paraplyorganisationen h\u00e4vdar att \u00e5rets pristagare, venezuelanskan Mar\u00eda Corina Machado, inte delar dess v\u00e4rderingar.<\/p>\n<p>\u2013 Vissa av hennes metoder \u00e4r inte i linje med v\u00e5ra eller v\u00e5ra medlemmars principer, s\u00e4ger ordf\u00f6randen Eline Lorentzen till VG.<\/p>\n<p>Som oppositionsledare \u00e4r Machado den starkaste motr\u00f6sten till Venezuelas ledare Nicol\u00e1s Maduro. Hon har ocks\u00e5 st\u00e4llt sig positiv till Trumpadministrationens bombningar av p\u00e5st\u00e5dda knarkb\u00e5tar i Karibiska havet. Den norska Venezuelaforskaren Vegard Bye har tidigare sagt att den norska Nobelkommitt\u00e9n ska vara f\u00f6rsiktiga med Machados \u201dflirt med USA:s planer f\u00f6r Venezuela\u201d, enligt VG.<\/p>\n<p>Omni \u00e4r politiskt obundna och oberoende. Vi str\u00e4var efter att ge fler perspektiv p\u00e5 nyheterna. Har du fr\u00e5gor eller synpunkter kring v\u00e5r rapportering? <a href=\"https:\/\/omni.se\/norges-fredsrad-bojkottar-fredspristagaren-machado\/a\/mailto:redaktion@omni.se\" class=\"ArticleActions_contactLink__W2F1M\" rel=\"nofollow noopener\" target=\"_blank\">Kontakta redaktionen<\/a><\/p>\n","protected":false},"excerpt":{"rendered":"Norges fredsr\u00e5d har som tradition att h\u00e5lla ett fackelt\u00e5g till fredspristagarens \u00e4ra p\u00e5 Nobeldagen. Men n\u00e5got s\u00e5dant blir&hellip;\n","protected":false},"author":2,"featured_media":64812,"comment_status":"","ping_status":"","sticky":false,"template":"","format":"standard","meta":{"footnotes":""},"categories":[14],"tags":[22,23,267,26,27,17,21,24,25,708,28,29,5317,15,2546,4824,430,16,18,34,31,33,32,30,19,20,51,2545,52,53,54],"class_list":{"0":"post-64811","1":"post","2":"type-post","3":"status-publish","4":"format-standard","5":"has-post-thumbnail","7":"category-varlden","8":"tag-breaking-news","9":"tag-breakingnews","10":"tag-europa","11":"tag-featured-news","12":"tag-featurednews","13":"tag-headlines","14":"tag-huvudnyheter","15":"tag-latest-news","16":"tag-latestnews","17":"tag-latinamerika","18":"tag-main-news","19":"tag-mainnews","20":"tag-maria-corina-machado","21":"tag-news","22":"tag-nicolas-maduro","23":"tag-nobelpriset","24":"tag-norge","25":"tag-nyheter","26":"tag-rubriker","27":"tag-se","28":"tag-svenska","29":"tag-sverige","30":"tag-sweden","31":"tag-swedish","32":"tag-top-stories","33":"tag-topstories","34":"tag-varlden","35":"tag-venezuela","36":"tag-world","37":"tag-world-news","38":"tag-worldnews"},"share_on_mastodon":{"url":"https:\/\/pubeurope.com\/@se\/115441065276208063","error":""},"_links":{"self":[{"href":"https:\/\/www.europesays.com\/se\/wp-json\/wp\/v2\/posts\/64811","targetHints":{"allow":["GET"]}}],"collection":[{"href":"https:\/\/www.europesays.com\/se\/wp-json\/wp\/v2\/posts"}],"about":[{"href":"https:\/\/www.europesays.com\/se\/wp-json\/wp\/v2\/types\/post"}],"author":[{"embeddable":true,"href":"https:\/\/www.europesays.com\/se\/wp-json\/wp\/v2\/users\/2"}],"replies":[{"embeddable":true,"href":"https:\/\/www.europesays.com\/se\/wp-json\/wp\/v2\/comments?post=64811"}],"version-history":[{"count":0,"href":"https:\/\/www.europesays.com\/se\/wp-json\/wp\/v2\/posts\/64811\/revisions"}],"wp:featuredmedia":[{"embeddable":true,"href":"https:\/\/www.europesays.com\/se\/wp-json\/wp\/v2\/media\/64812"}],"wp:attachment":[{"href":"https:\/\/www.europesays.com\/se\/wp-json\/wp\/v2\/media?parent=64811"}],"wp:term":[{"taxonomy":"category","embeddable":true,"href":"https:\/\/www.europesays.com\/se\/wp-json\/wp\/v2\/categories?post=64811"},{"taxonomy":"post_tag","embeddable":true,"href":"https:\/\/www.europesays.com\/se\/wp-json\/wp\/v2\/tags?post=64811"}],"curies":[{"name":"wp","href":"https:\/\/api.w.org\/{rel}","templated":true}]}}