{"id":64831,"date":"2025-10-26T15:22:12","date_gmt":"2025-10-26T15:22:12","guid":{"rendered":"https:\/\/www.europesays.com\/se\/64831\/"},"modified":"2025-10-26T15:22:12","modified_gmt":"2025-10-26T15:22:12","slug":"stalbolaget-behover-10-miljarder-riskerar-konkurs","status":"publish","type":"post","link":"https:\/\/www.europesays.com\/se\/64831\/","title":{"rendered":"St\u00e5lbolaget beh\u00f6ver 10 miljarder \u2013 riskerar konkurs"},"content":{"rendered":"<p>Boden h\u00e5ller andan.<\/p>\n<p>Inv\u00e5narna v\u00e4ntar p\u00e5 besked om det krisst\u00e4mplade st\u00e5lbolaget Stegra ska kraschlanda innan anl\u00e4ggningen f\u00f6r framtidens gr\u00f6na st\u00e5l ens \u00e4r f\u00e4rdigbyggd.<\/p>\n<p>\u2013 Vi \u00e4r optimistiska, s\u00e4ger Alphons Varghese och hustrun Tintu fr\u00e5n Indien, som f\u00f6rlorade jobben n\u00e4r Northvolt i Skellefte\u00e5 gick i konkurs och d\u00e5 flyttade vidare till Boden f\u00f6r att arbeta p\u00e5 Stegra.<\/p>\n<p>Fr\u00e5gan \u00e4r om kommunalr\u00e5det B\u00e9atrice \u00d6man har en Plan B f\u00f6r medborgarna om det g\u00e5r \u00e5t skogen med det stora projektet.<\/p>\n<p>Nyheter, reportage och analyser i Sverige och i \u00f6vriga v\u00e4rlden.<img   alt=\"\"\/><\/p>\n<p>\u201dVi flyger inte blint\u201d, s\u00e4ger kommunalr\u00e5det B\u00e9atrice \u00d6man om Stegraprojektet och kommunens beredskap vid en totalkris med st\u00e5lverksbygget.<\/p>\n<p>Foto: Simon Eliasson<\/p>\n<p>\u00d6ppna bild i helsk\u00e4rm<img loading=\"lazy\"   alt=\"\"\/><\/p>\n<p>Boden h\u00e5ller andan n\u00e4r Stegra m\u00e5ste l\u00f6sa nya miljarder.<\/p>\n<p>Foto: Simon Eliasson<\/p>\n<p>\u00d6ppna bild i helsk\u00e4rm<img loading=\"lazy\"   alt=\"\"\/><\/p>\n<p>Tintu Thomas jobbade p\u00e5 Northvolt \u2013 nu jobbar hon f\u00f6r Stegra.<\/p>\n<p>Foto: Simon Eliasson<\/p>\n<p>\u00d6ppna bild i helsk\u00e4rm<\/p>\n<p>Marken ligger fast under det enorma bygget i norra Svartbyn i utkanterna av Boden. Men ekonomiskt dras projektet med krisst\u00e4mpel sedan f\u00f6retaget f\u00f6r drygt en vecka sedan kommunicerade att de beh\u00f6vde 10 miljarder kronor till ut\u00f6ver de 70 miljarder \u2013 varav cirka 50 miljarder \u00e4r l\u00e5nade pengar \u2013 som sedan tidigare rotts i hamn.\u00a0<\/p>\n<p>Artikeln i korthet<\/p>\n<p> St\u00e5lbolaget Stegra i Boden skakas av ekonomiska sv\u00e5righeter och kritikerna fruktar konkurs \u2013 bolagets miljardbehov oroar kommunen.<\/p>\n<p> Tusentals g\u00e4starbetare p\u00e5verkas, men arbetet p\u00e5 omr\u00e5det forts\u00e4tter.<\/p>\n<p> Familjen Varghese\/Thomas fr\u00e5n Indien flyttade hit efter Northvolts kollaps och hoppas p\u00e5 framtiden.<\/p>\n<p>Visa mer<\/p>\n<p>Nyheten om penningknipan f\u00f6ljdes av uppgifter i Financial Times om att Stegra f\u00f6rbrukar n\u00e4rmare 3 miljarder kronor i m\u00e5naden och att kassan kan vara slut om ett par m\u00e5nader om man inte f\u00e5r in nya pengar.<\/p>\n<p>Vissa kritiker fruktar att det ligger en konkurs runt h\u00f6rnet.\u00a0<\/p>\n<p>Flera ledam\u00f6ter i Stegras styrelse har l\u00e4mnat och stor\u00e4garen, miljard\u00e4ren och riskkapitalisten Harald Mix \u00e4r inte l\u00e4ngre styrelseordf\u00f6rande. <a href=\"https:\/\/www.expressen.se\/ekonomi\/harald-mix-privata-resa-till-nepal-mitt-under-stegra-krisen-\/\" rel=\"nofollow noopener\" target=\"_blank\">Han f\u00f6rsvann fr\u00e5n posten och reste p\u00e5 lyxsemester till Nepal.<\/a> Fr\u00e5n bolagets sida r\u00e5der total tystnad om man ska f\u00e5 fram de akuta 10 miljarderna eller inte. <a href=\"https:\/\/www.expressen.se\/ekonomi\/uppgifter-stalbolaget-stegra-i-krismote\/\" rel=\"nofollow noopener\" target=\"_blank\">Krism\u00f6te h\u00f6lls i veckan <\/a>i London.<\/p>\n<p>Bodens skulds\u00e4ttning<\/p>\n<p>Kommunen \u00e4r h\u00e5rt skuldsatt med 1,64 miljarder i l\u00e5n.<\/p>\n<p>Med de kommunala bolagen \u00e4r skulden 3,88 miljarder kronor.<\/p>\n<p>R\u00e4nta i \u00e5r fram till sista augusti: cirka 73 miljoner kronor<\/p>\n<p>Snittr\u00e4ntan f\u00f6r l\u00e5nen: 2,81 procent<\/p>\n<p>K\u00e4lla: Bodens kommun<\/p>\n<p>Visa mer<\/p>\n<p>Stegras projekt i Boden \u00e4r att bygga ett gigantiskt st\u00e5lverk som kommer att producera fossilfritt \u201dgr\u00f6nt\u201d st\u00e5l med hj\u00e4lp av v\u00e4tgas i st\u00e4llet f\u00f6r kol med alla f\u00f6roreningar som normalt f\u00f6ljer med st\u00e5lproduktion. Projektet \u2013 om det inte kollapsar \u2013 inneb\u00e4r att Europas f\u00f6rsta helt integrerade anl\u00e4ggning f\u00f6r gr\u00f6n st\u00e5ltillverkning blir verklighet.<\/p>\n<p><img loading=\"lazy\"   alt=\"\"\/><\/p>\n<p>Upp\u00e5t 3 000 personer \u2013 varav en stor andel \u00e4r g\u00e4starbetare \u2013 arbetar med byggandet av Stegras framtidsanl\u00e4ggning f\u00f6r gr\u00f6nt st\u00e5l i Boden.<\/p>\n<p>Foto: Simon Eliasson<\/p>\n<p>\u00d6ppna bild i helsk\u00e4rm<\/p>\n<p>Ute p\u00e5 det gigantiska industriomr\u00e5det m\u00e4rks inget av krisen. D\u00e4r jobbas det som vanligt. Flera tusen personer \u00e4r sysselsatta med projektets olika delar. Arbetet p\u00e5g\u00e5r dygnet runt. Ett myller av bilar, lastbilar och truckar k\u00f6r omkring inne p\u00e5 det som f\u00f6r en oinvigd ser ut som ett oorganiserat kaos, med konturen av det som ska bli ett st\u00e5lverk. P\u00e5 h\u00e5ll ser vi ocks\u00e5 delar av den nybyggda j\u00e4rnv\u00e4gen till omr\u00e5det.<\/p>\n<p><img loading=\"lazy\"   alt=\"\"\/><\/p>\n<p>Stega uppger att \u00e5r 2030 ska det vara full st\u00e5lproduktion p\u00e5 det h\u00e4r omr\u00e5det utanf\u00f6r Boden.<\/p>\n<p>Foto: Simon Eliasson<\/p>\n<p>\u00d6ppna bild i helsk\u00e4rm<\/p>\n<p>En stor andel av de arbetare som nu \u00e4gnar sig \u00e5t byggprojektet \u00e4r g\u00e4starbetare. De bor i 11 kvadratmeter stora bostadsmoduler med en s\u00e4ng, ett litet pentry med kyl, en spish\u00e4ll, mikro och kylsk\u00e5p samt en toalett och dusch. Varje bostadsl\u00e4nga best\u00e5r av 44 bostadsrum, gemensamt vardagsrum och tv\u00e4ttstuga. Dygnet g\u00e5r ut p\u00e5 att jobba, \u00e4ta och vila. M\u00e5nga av arbetarna \u00e4r avsk\u00e4rmade fr\u00e5n nyhetsrubrikerna om Stegra.<\/p>\n<p>\u2013 Vi kom i g\u00e5r fr\u00e5n Lettland, s\u00e4ger en man med en cigarett i ena handen och en \u00f6ppnad burk \u00f6l i den andra.\u00a0<\/p>\n<p>Mannen och hans tre kamrater har k\u00f6rt fr\u00e5n Riga, via Tallinn i Estland, tagit f\u00e4rja till Helsingfors och sedan vidare genom Finland till Boden.<\/p>\n<p><img loading=\"lazy\"   alt=\"\"\/><\/p>\n<p>En matvagn med snabbmat har parkerat vid ett av de tillf\u00e4lliga bostadsomr\u00e5dena.<\/p>\n<p>Foto: Simon Eliasson<\/p>\n<p>\u00d6ppna bild i helsk\u00e4rm<img loading=\"lazy\"   alt=\"\"\/><\/p>\n<p>Bostadsbaracker f\u00f6r Stegra-arbetare utanf\u00f6r centrala Boden.<\/p>\n<p>Foto: Simon Eliasson<\/p>\n<p>\u00d6ppna bild i helsk\u00e4rm<\/p>\n<p>De fyra ber\u00f6mmer kvaliteten p\u00e5 bostadsmodulerna. Ingen av dem har h\u00f6rt talas om n\u00e5gon kris f\u00f6r Stegra.<\/p>\n<p>\u201dSkr\u00e4ckblandad k\u00e4nsla\u201d<\/p>\n<p>Men fackf\u00f6reningen Byggnads \u00e4r medveten om l\u00e4get. Joakim Lindholm, ordf\u00f6rande i Byggnads Norrbotten, beskriver f\u00f6r SVT det som en \u201dskr\u00e4ckblandad k\u00e4nsla\u201d.<\/p>\n<p>Annons<\/p>\n<p>\u2013 \u00c4n s\u00e5 l\u00e4nge \u00e4r det ingenting som pekar p\u00e5 att man kommer att dra ned p\u00e5 byggverksamheten, eller i v\u00e4rsta fall att den avstannar. Ingenting pekar p\u00e5 det, s\u00e4ger han till SVT Norrbotten.<\/p>\n<p>Byggnads har dock skaffat sig en beredskap.<\/p>\n<p>Makarna Tintu Thomas och Alphons Varghese har ocks\u00e5 beredskap. Deras beredskap \u00e4r \u201dt\u00e4nk positivt\u201d.<\/p>\n<p>Fr\u00e5n Indien till Boden<\/p>\n<p>Paret kommer fr\u00e5n delstaten Kerala i s\u00f6dra Indien och via Tintus studier vid h\u00f6gskolan i Halmstad 2021 landade de tv\u00e5 \u00e5r senare i Skellefte\u00e5 d\u00e4r b\u00e5da fick jobb p\u00e5 <a href=\"https:\/\/www.expressen.se\/tagg\/organization\/northvolt\/\" class=\"\" rel=\"nofollow noopener\" target=\"_blank\">Northvolt<\/a>. Men s\u00e5 kom batteritillverkarens konkurs.<\/p>\n<p>I dag jobbar Alphons Varghese p\u00e5 ett f\u00f6retag med koppling till Stegra-projektet, medan hustrun Tintu satsat p\u00e5 en indisk livsmedelsaff\u00e4r inne i centrala Boden.<\/p>\n<p>\u2013 Vi grubblar inte p\u00e5 att det kan sluta illa f\u00f6r Stegra. Vi t\u00e4nker positivt. Det tj\u00e4nar inget till att b\u00f6rja t\u00e4nka negativt. Det hj\u00e4lper inte oss, det hj\u00e4lper inte samh\u00e4llet eller m\u00e4nniskorna runt oss, s\u00e4ger Alphons n\u00e4r vi st\u00e5r inne i aff\u00e4ren.<\/p>\n<p>Kunderna kommer och g\u00e5r. En del \u00e4r ortsbor, andra dyker upp i arbetskl\u00e4der som det st\u00e5r Stegra p\u00e5.<\/p>\n<p><img loading=\"lazy\"   alt=\"\"\/><\/p>\n<p>Tintu Thomas tar hand om butiken och maken Alphons Varunese har f\u00e5tt nytt jobb p\u00e5 Stegra efter konkursen p\u00e5 Northvolt.<\/p>\n<p>Foto: Simon Eliasson<\/p>\n<p>\u00d6ppna bild i helsk\u00e4rm<\/p>\n<p>M\u00f6tet med Skellefte\u00e5 blev inte riktigt vad de t\u00e4nkt sig n\u00e4r de anl\u00e4nde dit 2023. Eller r\u00e4ttare sagt: de hade inte funderat s\u00e5 mycket p\u00e5 v\u00e4dret.<\/p>\n<p>\u2013 Den f\u00f6rsta vintern blev riktigt galen med -40. S\u00e5 vi t\u00e4nkte, vad kan g\u00e5 fel efter det h\u00e4r, s\u00e4ger Alphons och skrattar.<\/p>\n<p>G\u00f6r inte om misstaget<\/p>\n<p>Makarna ville inte upprepa misstaget fr\u00e5n Skellefte\u00e5 att arbeta f\u00f6r samma arbetsgivare.<\/p>\n<p>\u2013 S\u00e5 jag \u00e4gnar mig \u00e5t aff\u00e4ren och maken jobbar ute p\u00e5 Stegra. D\u00e4rmed sprider vi riskerna, s\u00e4ger Tintu.<\/p>\n<p><img loading=\"lazy\"   alt=\"\"\/><\/p>\n<p>Livsmedelsbutiken i Boden \u00e4r ett s\u00e4tt f\u00f6r det indiska paret att sprida riskerna. I Skellefte\u00e5 blev b\u00e5da arbetsl\u00f6sa n\u00e4r Northvolt gick i konkurs.<\/p>\n<p>Foto: Simon Eliasson<\/p>\n<p>\u00d6ppna bild i helsk\u00e4rm<\/p>\n<p>Dottern Anna har hunnit bli sex \u00e5r. F\u00f6rsta tiden i Boden blev tuff f\u00f6r henne som hade rotat sig i Skellefte\u00e5 och d\u00e4r skaffat sig m\u00e5nga kompisar.\u00a0<\/p>\n<p>\u2013 Hon \u00e4r v\u00e4ldigt social och nu \u00e4r det b\u00e4ttre. Hon har f\u00e5tt nya kompisar, s\u00e4ger Tintu.<\/p>\n<p>Det var aldrig tal om att de skulle packa och \u00e5terv\u00e4nda hem till Indien efter Northvolts konkurs.<\/p>\n<p>\u2013 Det viktiga \u00e4r att vi i familjen kan h\u00e5lla ihop och vara tillsammans. Att ha ett jobb \u00e4r ocks\u00e5 avg\u00f6rande f\u00f6r oss.<\/p>\n<p><img loading=\"lazy\"   alt=\"\"\/><\/p>\n<p>Tintu Thomas sk\u00f6ter parets indiska livsmedelsbutik inne i centrala Boden.<\/p>\n<p>Foto: Simon Eliasson<\/p>\n<p>\u00d6ppna bild i helsk\u00e4rm<\/p>\n<p>Efter Northvolt f\u00f6ljde n\u00e5gra m\u00e5nader d\u00e4r de pendlade mellan hopp och f\u00f6rtvivlan. De befann sig i Sverige p\u00e5 arbetsvisum. Klockan tickade. De m\u00e5ste ha nya jobb innan tiden p\u00e5 tre m\u00e5nader l\u00f6pte ut.<\/p>\n<p>\u2013 Det var inte en eller tv\u00e5 personer som f\u00f6rlorade jobbet utan tusentals. Det var tufft, s\u00e4ger Tintu.<\/p>\n<p>Annons<\/p>\n<p>\u201dVi kommer att k\u00e4mpa\u201d<\/p>\n<p>Paret s\u00e4ger att de inte t\u00e4nker bryta upp igen \u00e4ven om det skulle g\u00e5 illa f\u00f6r Stegra. De vill rota sig i Boden.<\/p>\n<p>\u2013 Jag t\u00e4nker inte g\u00e5 igenom den processen igen. Vi stannar och k\u00e4mpar. Aff\u00e4ren kommer inte bli l\u00f6nsam p\u00e5 n\u00e5gra m\u00e5nader, det kommer att ta tid. Men vi \u00e4r beredda att h\u00e5lla ut. Vi kommer att k\u00e4mpa.<\/p>\n<p><img loading=\"lazy\"   alt=\"\"\/><\/p>\n<p>Bodens kommun har drygt 28 000 inv\u00e5nare. M\u00e5ls\u00e4ttningen \u00e4r att komma upp i 33 000 \u00e5r 2030.<\/p>\n<p>Foto: Simon Eliasson<\/p>\n<p>\u00d6ppna bild i helsk\u00e4rm<\/p>\n<p>Men hur \u00e4r beredskapen i den h\u00e5rt skuldsatta kommunen? Har kommunen en plan B om Stegra g\u00e5r samma \u00f6de till m\u00f6tes som Northvolt och kraschlandar i en konkurs? Vi st\u00e4ller fr\u00e5gan till B\u00e9atrice \u00d6man, Bodens nytilltr\u00e4dda socialdemokratiska kommunalr\u00e5d.<\/p>\n<p>\u2013 Det \u00e4r en spekulation. Jag har ingen anledning att prata om en plan B eftersom det p\u00e5g\u00e5r en finansieringsrunda. Vi f\u00f6rh\u00e5ller oss till plan A, att byggandet \u00e4r i g\u00e5ng och 60 procent \u00e4r byggt. Byggtakten \u00e4r en procent per vecka. Det \u00e4r vad jag vet nu och \u00e4r vad jag kan f\u00f6rh\u00e5lla mig till.<\/p>\n<p><img loading=\"lazy\"   alt=\"\"\/><\/p>\n<p>Kommunalr\u00e5det B\u00e9atrice \u00d6man utg\u00e5 fr\u00e5n att st\u00e5lverket blir verklighet. Men det finns en plan B.<\/p>\n<p>Foto: SIMON ELIASSON \/ Simon Eliasson<\/p>\n<p>\u00d6ppna bild i helsk\u00e4rmBodens plan B<\/p>\n<p>Det finns dock en reservplan. N\u00f6dbromsen \u00e4r investeringsbudgeten som i s\u00e5 fall m\u00e5ste bantas.<\/p>\n<p>\u2013 Det finns vissa delar av investeringarna just nu som \u00e4r v\u00e4ldigt konkret l\u00e4nkade till etableringen. Om den skulle f\u00f6rdr\u00f6jas m\u00e5ste man se om man ska dra ned p\u00e5 investeringstakten och prioritera andra projekt. Akut finns det egentligen ingen anledning att diskutera det innan det eventuellt finns n\u00e5gra negativa besked. Det \u00e4r inte aktuellt att prata om det f\u00f6rr\u00e4n vi m\u00e5ste \u00e4ndra p\u00e5 investeringsbudgeten. Vi flyger inte blint..<\/p>\n<p><img loading=\"lazy\"   alt=\"\"\/><\/p>\n<p>\u201dJag har ingen anledning att prata om en plan B\u201d, s\u00e4ger Bodens kommunalr\u00e5d B\u00e9atrice \u00d6man (S) till Expressens Leif Br\u00e4nnstr\u00f6m.<\/p>\n<p>Foto: SIMON ELIASSON \/ Simon Eliasson<\/p>\n<p>\u00d6ppna bild i helsk\u00e4rm<\/p>\n<p>B\u00e9atrice \u00d6man s\u00e4ger att man var f\u00f6rberedda p\u00e5 att Stegra-projektet inte kommer att vara en l\u00e4tt sak f\u00f6r kommunen att hantera.\u00a0<\/p>\n<p>\u2013 Det kommer att bli f\u00f6r\u00e4ndringar under resans g\u00e5ng.<\/p>\n<p>Bost\u00e4der kr\u00e4vs<\/p>\n<p>Till de mer akuta punkterna f\u00f6r kommunen h\u00f6r att forts\u00e4tta att planera f\u00f6r nya bost\u00e4der. Det \u00e4r inte bara Stegra som sv\u00e4ller och beh\u00f6ver bost\u00e4der f\u00f6r permanentboende. Nya anst\u00e4llda inom den v\u00e4xande F\u00f6rsvarsmakten kr\u00e4ver ocks\u00e5 boende i Boden.<\/p>\n<p>\u2013 Vi beh\u00f6ver 900 bost\u00e4der, s\u00e4ger B\u00e9atrice \u00d6man.<\/p>\n<p><img loading=\"lazy\"   alt=\"\"\/><\/p>\n<p>Leif br\u00e4nnstr\u00f6m och Simon Eliasson p\u00e5 plats i Boden.<\/p>\n<p>Foto: Simon Eliasson<\/p>\n<p>\u00d6ppna bild i helsk\u00e4rm<\/p>\n","protected":false},"excerpt":{"rendered":"Boden h\u00e5ller andan. Inv\u00e5narna v\u00e4ntar p\u00e5 besked om det krisst\u00e4mplade st\u00e5lbolaget Stegra ska kraschlanda innan anl\u00e4ggningen f\u00f6r framtidens&hellip;\n","protected":false},"author":2,"featured_media":64832,"comment_status":"","ping_status":"","sticky":false,"template":"","format":"standard","meta":{"footnotes":""},"categories":[65],"tags":[72,70,71,3048,5722,2945,34,154,31,33,32,30,1359,4895,5977,5978],"class_list":{"0":"post-64831","1":"post","2":"type-post","3":"status-publish","4":"format-standard","5":"has-post-thumbnail","7":"category-ekonomi","8":"tag-business","9":"tag-economy","10":"tag-ekonomi","11":"tag-location-boden","12":"tag-newsstory-stegras-kris","13":"tag-organization-northvolt","14":"tag-se","15":"tag-sections-sverige","16":"tag-svenska","17":"tag-sverige","18":"tag-sweden","19":"tag-swedish","20":"tag-topic-arbetsmarknad","21":"tag-topic-bygg-fixa","22":"tag-topic-konkurs","23":"tag-topic-krisberedskap"},"share_on_mastodon":{"url":"https:\/\/pubeurope.com\/@se\/115441155781060549","error":""},"_links":{"self":[{"href":"https:\/\/www.europesays.com\/se\/wp-json\/wp\/v2\/posts\/64831","targetHints":{"allow":["GET"]}}],"collection":[{"href":"https:\/\/www.europesays.com\/se\/wp-json\/wp\/v2\/posts"}],"about":[{"href":"https:\/\/www.europesays.com\/se\/wp-json\/wp\/v2\/types\/post"}],"author":[{"embeddable":true,"href":"https:\/\/www.europesays.com\/se\/wp-json\/wp\/v2\/users\/2"}],"replies":[{"embeddable":true,"href":"https:\/\/www.europesays.com\/se\/wp-json\/wp\/v2\/comments?post=64831"}],"version-history":[{"count":0,"href":"https:\/\/www.europesays.com\/se\/wp-json\/wp\/v2\/posts\/64831\/revisions"}],"wp:featuredmedia":[{"embeddable":true,"href":"https:\/\/www.europesays.com\/se\/wp-json\/wp\/v2\/media\/64832"}],"wp:attachment":[{"href":"https:\/\/www.europesays.com\/se\/wp-json\/wp\/v2\/media?parent=64831"}],"wp:term":[{"taxonomy":"category","embeddable":true,"href":"https:\/\/www.europesays.com\/se\/wp-json\/wp\/v2\/categories?post=64831"},{"taxonomy":"post_tag","embeddable":true,"href":"https:\/\/www.europesays.com\/se\/wp-json\/wp\/v2\/tags?post=64831"}],"curies":[{"name":"wp","href":"https:\/\/api.w.org\/{rel}","templated":true}]}}