{"id":65021,"date":"2025-10-26T19:59:08","date_gmt":"2025-10-26T19:59:08","guid":{"rendered":"https:\/\/www.europesays.com\/se\/65021\/"},"modified":"2025-10-26T19:59:08","modified_gmt":"2025-10-26T19:59:08","slug":"regeringen-maste-saga-nej-till-overfiske-i-eu","status":"publish","type":"post","link":"https:\/\/www.europesays.com\/se\/65021\/","title":{"rendered":"Regeringen m\u00e5ste s\u00e4ga nej till \u00f6verfiske i EU"},"content":{"rendered":"<p>Sveriges regering m\u00e5ste st\u00e5 upp f\u00f6r en kraftig minskning av fisket i norra \u00d6stersj\u00f6n, ett f\u00f6rslag som EU-kommissionen tagit fram inf\u00f6r ett beslut som ska fattas av medlemsl\u00e4nderna den kommande veckan. Det skriver MP-topparna Isabella L\u00f6vin och Emma Nohr\u00e9n p\u00e5 DN Debatt. <\/p>\n<p>De kritiserar de medlemsl\u00e4nder som, av allt att d\u00f6ma, kommer att k\u00f6ra \u00f6ver EU-kommissionen och besluta om ett \u00f6verfiske som strider mot unionens lagstiftning. <\/p>\n<p>Den svenska regeringen beh\u00f6ver h\u00f6ja tonl\u00e4get och markera kraftfullt, menar debatt\u00f6rerna. Det m\u00e5ste bli glasklart f\u00f6r alla att Sverige \u201dst\u00e5r upp f\u00f6r demokratiska spelregler, avser att f\u00f6lja lagstiftningen och \u00e4r beredd att ta strid f\u00f6r Sveriges och \u00d6stersj\u00f6ns sak\u201d. <\/p>\n<p>Omni \u00e4r politiskt obundna och oberoende. Vi str\u00e4var efter att ge fler perspektiv p\u00e5 nyheterna. Har du fr\u00e5gor eller synpunkter kring v\u00e5r rapportering? <a href=\"https:\/\/omni.se\/mp-regeringen-maste-saga-nej-till-overfiske-i-eu\/a\/mailto:redaktion@omni.se\" class=\"ArticleActions_contactLink__W2F1M\" rel=\"nofollow noopener\" target=\"_blank\">Kontakta redaktionen<\/a><\/p>\n","protected":false},"excerpt":{"rendered":"Sveriges regering m\u00e5ste st\u00e5 upp f\u00f6r en kraftig minskning av fisket i norra \u00d6stersj\u00f6n, ett f\u00f6rslag som EU-kommissionen&hellip;\n","protected":false},"author":2,"featured_media":65022,"comment_status":"","ping_status":"","sticky":false,"template":"","format":"standard","meta":{"footnotes":""},"categories":[5],"tags":[22,23,5996,73,2457,26,27,17,21,5995,705,24,25,28,29,1234,15,16,1647,369,18,34,820,31,33,32,30,19,20],"class_list":{"0":"post-65021","1":"post","2":"type-post","3":"status-publish","4":"format-standard","5":"has-post-thumbnail","7":"category-rubriker","8":"tag-breaking-news","9":"tag-breakingnews","10":"tag-emma-nohren","11":"tag-eu","12":"tag-eu-kommissionen","13":"tag-featured-news","14":"tag-featurednews","15":"tag-headlines","16":"tag-huvudnyheter","17":"tag-isabella-lovin","18":"tag-jordbruk","19":"tag-latest-news","20":"tag-latestnews","21":"tag-main-news","22":"tag-mainnews","23":"tag-miljopartiet","24":"tag-news","25":"tag-nyheter","26":"tag-ostersjon","27":"tag-politik","28":"tag-rubriker","29":"tag-se","30":"tag-skogsbruk-fiske","31":"tag-svenska","32":"tag-sverige","33":"tag-sweden","34":"tag-swedish","35":"tag-top-stories","36":"tag-topstories"},"share_on_mastodon":{"url":"https:\/\/pubeurope.com\/@se\/115442244876876437","error":""},"_links":{"self":[{"href":"https:\/\/www.europesays.com\/se\/wp-json\/wp\/v2\/posts\/65021","targetHints":{"allow":["GET"]}}],"collection":[{"href":"https:\/\/www.europesays.com\/se\/wp-json\/wp\/v2\/posts"}],"about":[{"href":"https:\/\/www.europesays.com\/se\/wp-json\/wp\/v2\/types\/post"}],"author":[{"embeddable":true,"href":"https:\/\/www.europesays.com\/se\/wp-json\/wp\/v2\/users\/2"}],"replies":[{"embeddable":true,"href":"https:\/\/www.europesays.com\/se\/wp-json\/wp\/v2\/comments?post=65021"}],"version-history":[{"count":0,"href":"https:\/\/www.europesays.com\/se\/wp-json\/wp\/v2\/posts\/65021\/revisions"}],"wp:featuredmedia":[{"embeddable":true,"href":"https:\/\/www.europesays.com\/se\/wp-json\/wp\/v2\/media\/65022"}],"wp:attachment":[{"href":"https:\/\/www.europesays.com\/se\/wp-json\/wp\/v2\/media?parent=65021"}],"wp:term":[{"taxonomy":"category","embeddable":true,"href":"https:\/\/www.europesays.com\/se\/wp-json\/wp\/v2\/categories?post=65021"},{"taxonomy":"post_tag","embeddable":true,"href":"https:\/\/www.europesays.com\/se\/wp-json\/wp\/v2\/tags?post=65021"}],"curies":[{"name":"wp","href":"https:\/\/api.w.org\/{rel}","templated":true}]}}