{"id":65190,"date":"2025-10-27T05:29:11","date_gmt":"2025-10-27T05:29:11","guid":{"rendered":"https:\/\/www.europesays.com\/se\/65190\/"},"modified":"2025-10-27T05:29:11","modified_gmt":"2025-10-27T05:29:11","slug":"usa-och-kina-overens-om-ramverk-till-handelsavtal","status":"publish","type":"post","link":"https:\/\/www.europesays.com\/se\/65190\/","title":{"rendered":"USA och Kina \u00f6verens om ramverk till handelsavtal"},"content":{"rendered":"<p>&#13;<br \/>\n                        Enligt amerikanska tj\u00e4nstem\u00e4n skulle avtalet inneb\u00e4ra ett uppeh\u00e5ll i de h\u00f6jda amerikanska tullarna och de kinesiska exportrestriktionerna f\u00f6r s\u00e4llsynta jordartsmetaller, rapporterar NBC News och Reuters.<\/p>\n<p>Trump och Xi v\u00e4ntas m\u00f6tas vid sidlinjerna f\u00f6r APEC-m\u00f6tet i Sydkorea p\u00e5 torsdag f\u00f6r att skriva under villkoren.<\/p>\n<p>\u201cJag tror att vi har ett mycket framg\u00e5ngsrikt ramverk f\u00f6r ledarna att diskutera p\u00e5 torsdag\u201d, sade USA:s finansminister Scott Bessent. <\/p>\n<p>Han sade ocks\u00e5 att diskussionerna vid sidlinjerna f\u00f6r ASEAN-m\u00f6tet i Malaysia hade eliminerat Trumps hot om 100 procentiga tullar mot Kina fr\u00e5n och med 1 november, samt att han f\u00f6rv\u00e4ntar sig att Peking kommer att skjuta upp genomf\u00f6randet av sitt licenssystem f\u00f6r s\u00e4llsynta jordartsmetaller och magneter med ett \u00e5r medan policyn ompr\u00f6vas. Kinesiska tj\u00e4nstem\u00e4n gav inga detaljer kring utfallet fr\u00e5n detta m\u00f6te. <\/p>\n<p>Vidare uppgav Bessent att han tror att tullvapenvilan med Kina kommer att f\u00f6rl\u00e4ngas efter utg\u00e5ngsdatumet den 10 november, och att Kina kommer att \u00e5teruppta omfattande ink\u00f6p av amerikansk sojab\u00f6nor efter att inte ha k\u00f6pt n\u00e5gra alls i september, d\u00e5 man ist\u00e4llet f\u00f6redrog sojab\u00f6nor fr\u00e5n Brasilien och Argentina.<\/p>\n<p>Kinas toppf\u00f6rhandlare Li Chenggang sade att de b\u00e5da sidorna hade n\u00e5tt en \u201dprelimin\u00e4r \u00f6verenskommelse\u201d och att de nu kommer att genomg\u00e5 sina respektive interna godk\u00e4nnandeprocesser.&#13;\n                    <\/p>\n","protected":false},"excerpt":{"rendered":"&#13; Enligt amerikanska tj\u00e4nstem\u00e4n skulle avtalet inneb\u00e4ra ett uppeh\u00e5ll i de h\u00f6jda amerikanska tullarna och de kinesiska exportrestriktionerna&hellip;\n","protected":false},"author":2,"featured_media":65191,"comment_status":"","ping_status":"","sticky":false,"template":"","format":"standard","meta":{"footnotes":""},"categories":[65],"tags":[72,70,71,454,453,451,452,34,31,33,32,30,455],"class_list":{"0":"post-65190","1":"post","2":"type-post","3":"status-publish","4":"format-standard","5":"has-post-thumbnail","7":"category-ekonomi","8":"tag-business","9":"tag-economy","10":"tag-ekonomi","11":"tag-ekonomisk-analys","12":"tag-finans","13":"tag-finansiella-nyheter","14":"tag-investera","15":"tag-se","16":"tag-svenska","17":"tag-sverige","18":"tag-sweden","19":"tag-swedish","20":"tag-trading"},"share_on_mastodon":{"url":"https:\/\/pubeurope.com\/@se\/115444486140318854","error":""},"_links":{"self":[{"href":"https:\/\/www.europesays.com\/se\/wp-json\/wp\/v2\/posts\/65190","targetHints":{"allow":["GET"]}}],"collection":[{"href":"https:\/\/www.europesays.com\/se\/wp-json\/wp\/v2\/posts"}],"about":[{"href":"https:\/\/www.europesays.com\/se\/wp-json\/wp\/v2\/types\/post"}],"author":[{"embeddable":true,"href":"https:\/\/www.europesays.com\/se\/wp-json\/wp\/v2\/users\/2"}],"replies":[{"embeddable":true,"href":"https:\/\/www.europesays.com\/se\/wp-json\/wp\/v2\/comments?post=65190"}],"version-history":[{"count":0,"href":"https:\/\/www.europesays.com\/se\/wp-json\/wp\/v2\/posts\/65190\/revisions"}],"wp:featuredmedia":[{"embeddable":true,"href":"https:\/\/www.europesays.com\/se\/wp-json\/wp\/v2\/media\/65191"}],"wp:attachment":[{"href":"https:\/\/www.europesays.com\/se\/wp-json\/wp\/v2\/media?parent=65190"}],"wp:term":[{"taxonomy":"category","embeddable":true,"href":"https:\/\/www.europesays.com\/se\/wp-json\/wp\/v2\/categories?post=65190"},{"taxonomy":"post_tag","embeddable":true,"href":"https:\/\/www.europesays.com\/se\/wp-json\/wp\/v2\/tags?post=65190"}],"curies":[{"name":"wp","href":"https:\/\/api.w.org\/{rel}","templated":true}]}}