{"id":65198,"date":"2025-10-27T05:41:10","date_gmt":"2025-10-27T05:41:10","guid":{"rendered":"https:\/\/www.europesays.com\/se\/65198\/"},"modified":"2025-10-27T05:41:10","modified_gmt":"2025-10-27T05:41:10","slug":"tjuvar-i-madrid-stal-over-1-000-stolar","status":"publish","type":"post","link":"https:\/\/www.europesays.com\/se\/65198\/","title":{"rendered":"Tjuvar i Madrid stal \u00f6ver 1\u00a0000 stolar"},"content":{"rendered":"<p>Foto: \u00a0Alessandro Serrano&#8217;\/TT<\/p>\n<p><strong>Ett g\u00e4ng tjuvar <\/strong>i Madrid utf\u00f6rde nyligen en v\u00e4ldigt unik&#8230; kupp. Den spanska polisen grep n\u00e4mligen sju personer misst\u00e4nkta f\u00f6r att ha stulit <a href=\"https:\/\/apnews.com\/article\/stolen-chairs-spain-restaurants-51556ca98953700f5a9c305b59b0fa5c\" target=\"_blank\" rel=\"noopener noreferrer nofollow\">\u00f6ver 1\u00a0100 stolar. <\/a><\/p>\n<p>Tjuvligan ska under tv\u00e5 m\u00e5nader ha drivit runt nattetid och stulit stolar fr\u00e5n totalt 18 olika restauranger i Madrid och Talavera de la Reina (en mindre stad sydv\u00e4st om huvudstaden). Kanske t\u00e4nker man att vanliga uteserveringsstolar inte \u00e4r v\u00e4rda s\u00e4rskilt mycket. Men enligt Spaniens nationella polis uppskattas st\u00f6ldgodset till cirka 60 000 euro \u2013 allts\u00e5 motsvarande 650\u00a0000 kronor. <\/p>\n<p>Gruppen har nu \u00e5talats b\u00e5de f\u00f6r st\u00f6ld och f\u00f6r att ha kopplingar till en kriminell organisation. Innan gripandet ska de ha s\u00e5lt vidare stolarna inom Spanien, men ocks\u00e5 till Marocko och Rum\u00e4nien. <\/p>\n","protected":false},"excerpt":{"rendered":"Foto: \u00a0Alessandro Serrano&#8217;\/TT Ett g\u00e4ng tjuvar i Madrid utf\u00f6rde nyligen en v\u00e4ldigt unik&#8230; kupp. Den spanska polisen grep&hellip;\n","protected":false},"author":2,"featured_media":65199,"comment_status":"","ping_status":"","sticky":false,"template":"","format":"standard","meta":{"footnotes":""},"categories":[5],"tags":[22,23,26,27,17,21,24,25,28,29,15,16,18,34,31,33,32,30,19,20],"class_list":{"0":"post-65198","1":"post","2":"type-post","3":"status-publish","4":"format-standard","5":"has-post-thumbnail","7":"category-rubriker","8":"tag-breaking-news","9":"tag-breakingnews","10":"tag-featured-news","11":"tag-featurednews","12":"tag-headlines","13":"tag-huvudnyheter","14":"tag-latest-news","15":"tag-latestnews","16":"tag-main-news","17":"tag-mainnews","18":"tag-news","19":"tag-nyheter","20":"tag-rubriker","21":"tag-se","22":"tag-svenska","23":"tag-sverige","24":"tag-sweden","25":"tag-swedish","26":"tag-top-stories","27":"tag-topstories"},"share_on_mastodon":{"url":"https:\/\/pubeurope.com\/@se\/115444533403829775","error":""},"_links":{"self":[{"href":"https:\/\/www.europesays.com\/se\/wp-json\/wp\/v2\/posts\/65198","targetHints":{"allow":["GET"]}}],"collection":[{"href":"https:\/\/www.europesays.com\/se\/wp-json\/wp\/v2\/posts"}],"about":[{"href":"https:\/\/www.europesays.com\/se\/wp-json\/wp\/v2\/types\/post"}],"author":[{"embeddable":true,"href":"https:\/\/www.europesays.com\/se\/wp-json\/wp\/v2\/users\/2"}],"replies":[{"embeddable":true,"href":"https:\/\/www.europesays.com\/se\/wp-json\/wp\/v2\/comments?post=65198"}],"version-history":[{"count":0,"href":"https:\/\/www.europesays.com\/se\/wp-json\/wp\/v2\/posts\/65198\/revisions"}],"wp:featuredmedia":[{"embeddable":true,"href":"https:\/\/www.europesays.com\/se\/wp-json\/wp\/v2\/media\/65199"}],"wp:attachment":[{"href":"https:\/\/www.europesays.com\/se\/wp-json\/wp\/v2\/media?parent=65198"}],"wp:term":[{"taxonomy":"category","embeddable":true,"href":"https:\/\/www.europesays.com\/se\/wp-json\/wp\/v2\/categories?post=65198"},{"taxonomy":"post_tag","embeddable":true,"href":"https:\/\/www.europesays.com\/se\/wp-json\/wp\/v2\/tags?post=65198"}],"curies":[{"name":"wp","href":"https:\/\/api.w.org\/{rel}","templated":true}]}}