{"id":65364,"date":"2025-10-27T08:48:53","date_gmt":"2025-10-27T08:48:53","guid":{"rendered":"https:\/\/www.europesays.com\/se\/65364\/"},"modified":"2025-10-27T08:48:53","modified_gmt":"2025-10-27T08:48:53","slug":"zara-larsson-harligtatt-vara-en-underdog","status":"publish","type":"post","link":"https:\/\/www.europesays.com\/se\/65364\/","title":{"rendered":"Zara Larsson: H\u00e4rligt\natt vara en underdog"},"content":{"rendered":"<p>Publicerad 25 okt 2025 kl 17.14Uppdaterad 26 okt kl 05.39<\/p>\n<p>Personliga l\u00e5tar, ny stil och egen turn\u00e9 i USA.\u00a0<\/p>\n<p>\u00c4r det nu som Zara Larsson \u00e4ntligen f\u00e5r bli v\u00e4rldsstj\u00e4rna p\u00e5 riktigt?<\/p>\n<p>\u2013 Det \u00e4r som att jag nosar, nosar, nosar p\u00e5 det hela tiden, s\u00e4ger hon.<\/p>\n<p><img   alt=\"\"\/><\/p>\n<p>Zara Larsson.<\/p>\n<p>Foto: Fredrik Sandberg\/TT \/ TT NYHETSBYR\u00c5N<\/p>\n<p>\u00d6ppna bild i helsk\u00e4rm<img loading=\"lazy\"   alt=\"\"\/><\/p>\n<p>Zara Larsson p\u00e5 Skansen i somras.<\/p>\n<p>Foto: KEITH R\u00d6NNBERG \/ KEITH R\u00d6NNBERG &#8211; SPA | SWEDISH PRESS AGENCY<\/p>\n<p>\u00d6ppna bild i helsk\u00e4rm<\/p>\n<p>Utanf\u00f6r lyxhotellets f\u00f6nster \u00e4r Stockholm insvept i gr\u00e5dask, men <a href=\"https:\/\/www.expressen.se\/tagg\/person\/zara-larsson\/\" class=\"\" rel=\"nofollow noopener\" target=\"_blank\">Zara Larsson<\/a> rider fortfarande p\u00e5 de varma sommarvindarna fr\u00e5n \u201dMidnight sun\u201d. Albumet har varit ute i en m\u00e5nad nu och hon \u00e4r stolt \u2013 mest \u00f6ver att det h\u00e4r \u00e4r f\u00f6rsta g\u00e5ngen som hon varit med och skrivit l\u00e5ttexter.\u00a0<\/p>\n<p>\u2013 Jag \u00e4lskar att skriva. Jag har alltid gjort det. Jag \u00e4lskar att uttrycka mig med ord i alla m\u00f6jliga former, s\u00e4ger hon.<\/p>\n<p>D\u00e4rf\u00f6r \u00e4r l\u00e5tarna hennes mest personliga hittills, tycker hon, med en sj\u00e4lvreflektion som hon aldrig gett uttryck f\u00f6r i musiken tidigare.\u00a0<\/p>\n<p>\u2013 Jag har inte ens gett mig sj\u00e4lv den chansen f\u00f6rut. Men det \u00e4r nog en sj\u00e4lvs\u00e4kerhetsgrej. Nu vill jag skriva hela mitt album och vara med i allt, regissera mina videor, rita mina kl\u00e4der, filma mitt content.<\/p>\n<p>Vill leverera megashow<\/p>\n<p>Ett par av l\u00e5tarna reflekterar \u00f6ver det d\u00e4r som hon har l\u00e4ngtat efter n\u00e4stan hela livet \u2013 det g\u00e4ckande, f\u00f6rl\u00f6sande genombrottet och att bli en popstj\u00e4rna av h\u00f6gsta kaliber.<\/p>\n<p>Hon har varit n\u00e4ra i flera \u00e5r nu, och Zara Larsson har aldrig gjort n\u00e5gon hemlighet av sina ambitioner. Redan som barn dr\u00f6mde hon om att bli st\u00f6rre \u00e4n Elvis.<\/p>\n<p>\u2013 Jag vill leverera en megashow, en otrolig liveshow. Och att vara en del av kulturen. Att ha en kulturell n\u00e4rvaro och liksom vara en del av hur popmusiken l\u00e4t 2025, 2026 och 2027.<\/p>\n<p>Zara Larsson: \u201dF\u00f6rs\u00f6ker njuta\u201d<\/p>\n<p>Visst har hon haft hits i karri\u00e4ren, men hon tror inte att lyssnarna har kopplat l\u00e5tarna till n\u00e5gon speciell person tidigare.<\/p>\n<p>\u2013 \u00a0Jag vill att folk ska k\u00e4nna till mig som artist, inte bara mina l\u00e5tar. Jag vill connecta p\u00e5 ett personligt plan med mina lyssnare. Jag vill att de ska veta vad jag tycker, vad jag k\u00e4nner, vem jag \u00e4r, s\u00e4ger hon.<\/p>\n<p>I vinter \u00e5ker hon ut p\u00e5 sin f\u00f6rsta egna turn\u00e9 i USA. Detta efter att hon tidigare i \u00e5r turnerade som uppv\u00e4rmare \u00e5t det 22-\u00e5riga stj\u00e4rnskottet Tate McRae och stal showen, i alla fall om man ska tro reaktionerna p\u00e5 sociala medier.<\/p>\n<p>\u2013 Det \u00e4r n\u00e5got som \u00e4r ganska h\u00e4rligt med att vara en underdog. D\u00e5 \u00e4r det ju v\u00e4ldigt m\u00e5nga som hejar p\u00e5 dig. F\u00f6r det \u00e4r s\u00e5 enkelt att \u00e4lska n\u00e5gon som man tycker f\u00f6rtj\u00e4nar mer. Fan, det \u00e4r ganska nice. Jag f\u00f6rs\u00f6ker njuta s\u00e5 l\u00e4nge det varar.<\/p>\n","protected":false},"excerpt":{"rendered":"Publicerad 25 okt 2025 kl 17.14Uppdaterad 26 okt kl 05.39 Personliga l\u00e5tar, ny stil och egen turn\u00e9 i&hellip;\n","protected":false},"author":2,"featured_media":65365,"comment_status":"","ping_status":"","sticky":false,"template":"","format":"standard","meta":{"footnotes":""},"categories":[67],"tags":[104,4086,34,775,31,33,32,30,402,310,105],"class_list":{"0":"post-65364","1":"post","2":"type-post","3":"status-publish","4":"format-standard","5":"has-post-thumbnail","7":"category-underhallning","8":"tag-entertainment","9":"tag-person-zara-larsson","10":"tag-se","11":"tag-sections-musik","12":"tag-svenska","13":"tag-sverige","14":"tag-sweden","15":"tag-swedish","16":"tag-topic-artister","17":"tag-topic-kandisar","18":"tag-underhallning"},"share_on_mastodon":{"url":"https:\/\/pubeurope.com\/@se\/115445272637080580","error":""},"_links":{"self":[{"href":"https:\/\/www.europesays.com\/se\/wp-json\/wp\/v2\/posts\/65364","targetHints":{"allow":["GET"]}}],"collection":[{"href":"https:\/\/www.europesays.com\/se\/wp-json\/wp\/v2\/posts"}],"about":[{"href":"https:\/\/www.europesays.com\/se\/wp-json\/wp\/v2\/types\/post"}],"author":[{"embeddable":true,"href":"https:\/\/www.europesays.com\/se\/wp-json\/wp\/v2\/users\/2"}],"replies":[{"embeddable":true,"href":"https:\/\/www.europesays.com\/se\/wp-json\/wp\/v2\/comments?post=65364"}],"version-history":[{"count":0,"href":"https:\/\/www.europesays.com\/se\/wp-json\/wp\/v2\/posts\/65364\/revisions"}],"wp:featuredmedia":[{"embeddable":true,"href":"https:\/\/www.europesays.com\/se\/wp-json\/wp\/v2\/media\/65365"}],"wp:attachment":[{"href":"https:\/\/www.europesays.com\/se\/wp-json\/wp\/v2\/media?parent=65364"}],"wp:term":[{"taxonomy":"category","embeddable":true,"href":"https:\/\/www.europesays.com\/se\/wp-json\/wp\/v2\/categories?post=65364"},{"taxonomy":"post_tag","embeddable":true,"href":"https:\/\/www.europesays.com\/se\/wp-json\/wp\/v2\/tags?post=65364"}],"curies":[{"name":"wp","href":"https:\/\/api.w.org\/{rel}","templated":true}]}}