{"id":65389,"date":"2025-10-27T09:18:09","date_gmt":"2025-10-27T09:18:09","guid":{"rendered":"https:\/\/www.europesays.com\/se\/65389\/"},"modified":"2025-10-27T09:18:09","modified_gmt":"2025-10-27T09:18:09","slug":"arets-influensa-och-covidvaccinering-inleds-alands-radio-tv","status":"publish","type":"post","link":"https:\/\/www.europesays.com\/se\/65389\/","title":{"rendered":"\u00c5rets influensa- och covidvaccinering inleds &#8211; \u00c5lands Radio &amp; TV"},"content":{"rendered":"<ol>\n<li><a href=\"https:\/\/news.google.com\/rss\/articles\/CBMif0FVX3lxTE1zbm1ITVRqc2ZGdGo0YVJ1dHlwOE9HSXFYcTlCQjIwMDhXTE9sd0RoTEVydVBIdHlwRm83VGN6MTRaS0FsNDB0VGpJQ0lJQ21RV0h2MTRFVWtEdC1MblJ2UzR4NWNmQ0F5ZzN1WWZibjF6RFhMWEpzZmZQLWY5YVk?oc=5\" target=\"_blank\" rel=\"nofollow noopener\">\u00c5rets influensa- och covidvaccinering inleds<\/a>&nbsp;&nbsp;\u00c5lands Radio &amp; TV<\/li>\n<li><a href=\"https:\/\/news.google.com\/rss\/articles\/CBMiygFBVV95cUxNazdVejR5bThZX2xkbzdyaEJyaE5zaVlnWGdiVnBNbTFyRzhnZVZaLWtjc2dqcVF4MEJxWnlBbTlEWEhoMkgtREhldVZrN0JqZDYxRl9EMWxwWE5UQ3A1X29RMHF3bGpOQ3gyWHdQSy1kbmZya2U0RXVwcEVHTU9IUmNBaDdFREdtdDR3d3lJZG5VS2txUkN5SnRXcDlFZXJJcUp1NVFISndMRkRaeDJUSDdEcWZSR2I4ZDl1T05HTXQ2M09qUXk3STNn?oc=5\" target=\"_blank\" rel=\"nofollow noopener\">Vaccineringen ig\u00e5ng \u2013 se vad som g\u00e4ller i h\u00f6st<\/a>&nbsp;&nbsp;Region V\u00e4rmland<\/li>\n<li><a href=\"https:\/\/news.google.com\/rss\/articles\/CBMijgFBVV95cUxQRUUyQjdXTjhYSERpeHFnZjBpSHJwVTRoMjRBVk56R0lIanp3b2J5QW1KZGU3QUtzaFB1NGotY0trOGVhR3h2TlR1RzlrNExoeExlN28zZ1Vud3dTNGlZUGoxZTA4U3BxRzZBa0NRUV9teHA5X1NfUEk0Z05vOVU0bEIwY3F6U3Yxdm9FWkp3?oc=5\" target=\"_blank\" rel=\"nofollow noopener\">Nu \u00e4r vaccination mot covid-19 och influensa ig\u00e5ng<\/a>&nbsp;&nbsp;\u00d6landsbladet<\/li>\n<li><a href=\"https:\/\/news.google.com\/rss\/articles\/CBMiuAFBVV95cUxOSF9jeFRnZXM5eXVZWGkyRGRGbmpKTnUwQ2dMWGphNm1ZcXN3bDVEMTNhMWZLN01vSjdIblh0b05HbHZ1aFhKUGhNd0U3U2hMWk1DT29xdkYzZnF3M180UEJBSkpwQi1zSkNpXzFSMDlueDMtWUwybENZaTdvWF92OE1jNXJYZVh5Z3JLRnVGblRGcFZHNFVUWjQ0eUJpSzluaDBFa3E1dHByR2dxZ3NCa2dpaEZSX1hZ?oc=5\" target=\"_blank\" rel=\"nofollow noopener\">Bokning \u00f6ppnar f\u00f6r vaccination mot influensa<\/a>&nbsp;&nbsp;Mynewsdesk<\/li>\n<li><a href=\"https:\/\/news.google.com\/rss\/articles\/CBMidkFVX3lxTE5fQnVhSmdPRWNLbEo0Z0NIY0NtLTJjN0ZSblc3RG9rX3NmcE9QZEVFTDFKZS1WcXRDMk5GQjdBZ1l3cFphR0FoWVFUNDQzMVB3cGJabFdYX193ME9SR2RmaUNaTnJUVWN1emw4MHZRR0tEVHdmQUE?oc=5\" target=\"_blank\" rel=\"nofollow noopener\">Vaccination mot influensa \u00f6ppnar<\/a>&nbsp;&nbsp;V\u00e4sterbottens-Kuriren<\/li>\n<\/ol>\n","protected":false},"excerpt":{"rendered":"\u00c5rets influensa- och covidvaccinering inleds&nbsp;&nbsp;\u00c5lands Radio &amp; TV Vaccineringen ig\u00e5ng \u2013 se vad som g\u00e4ller i h\u00f6st&nbsp;&nbsp;Region V\u00e4rmland&hellip;\n","protected":false},"author":2,"featured_media":65390,"comment_status":"","ping_status":"","sticky":false,"template":"","format":"standard","meta":{"footnotes":""},"categories":[69],"tags":[113,112,34,31,33,32,30],"class_list":{"0":"post-65389","1":"post","2":"type-post","3":"status-publish","4":"format-standard","5":"has-post-thumbnail","7":"category-halsa","8":"tag-halsa","9":"tag-health","10":"tag-se","11":"tag-svenska","12":"tag-sverige","13":"tag-sweden","14":"tag-swedish"},"share_on_mastodon":{"url":"https:\/\/pubeurope.com\/@se\/115445386893966355","error":""},"_links":{"self":[{"href":"https:\/\/www.europesays.com\/se\/wp-json\/wp\/v2\/posts\/65389","targetHints":{"allow":["GET"]}}],"collection":[{"href":"https:\/\/www.europesays.com\/se\/wp-json\/wp\/v2\/posts"}],"about":[{"href":"https:\/\/www.europesays.com\/se\/wp-json\/wp\/v2\/types\/post"}],"author":[{"embeddable":true,"href":"https:\/\/www.europesays.com\/se\/wp-json\/wp\/v2\/users\/2"}],"replies":[{"embeddable":true,"href":"https:\/\/www.europesays.com\/se\/wp-json\/wp\/v2\/comments?post=65389"}],"version-history":[{"count":0,"href":"https:\/\/www.europesays.com\/se\/wp-json\/wp\/v2\/posts\/65389\/revisions"}],"wp:featuredmedia":[{"embeddable":true,"href":"https:\/\/www.europesays.com\/se\/wp-json\/wp\/v2\/media\/65390"}],"wp:attachment":[{"href":"https:\/\/www.europesays.com\/se\/wp-json\/wp\/v2\/media?parent=65389"}],"wp:term":[{"taxonomy":"category","embeddable":true,"href":"https:\/\/www.europesays.com\/se\/wp-json\/wp\/v2\/categories?post=65389"},{"taxonomy":"post_tag","embeddable":true,"href":"https:\/\/www.europesays.com\/se\/wp-json\/wp\/v2\/tags?post=65389"}],"curies":[{"name":"wp","href":"https:\/\/api.w.org\/{rel}","templated":true}]}}