{"id":65423,"date":"2025-10-27T09:49:08","date_gmt":"2025-10-27T09:49:08","guid":{"rendered":"https:\/\/www.europesays.com\/se\/65423\/"},"modified":"2025-10-27T09:49:08","modified_gmt":"2025-10-27T09:49:08","slug":"battre-chans-an-de-flesta","status":"publish","type":"post","link":"https:\/\/www.europesays.com\/se\/65423\/","title":{"rendered":"\u201dB\u00e4ttre chans \u00e4n de flesta\u201d"},"content":{"rendered":"<p>Saab kan f\u00f6rdubbla sin produktion av Jas Gripen om Ukraina g\u00e5r vidare med sina k\u00f6pplaner p\u00e5 100\u2013150 plan. Det s\u00e4ger vd Micael Johansson till FT. <\/p>\n<p>En del av produktionen skulle sannolikt ligga i Ukraina, samtidigt som bolaget planerar att \u00f6ka kapaciteten i Brasilien, samt eventuellt i Kanada och andra delar av Europa.<\/p>\n<p>F\u00f6rsvarsexperten Sash Tusa p\u00e5 Agency Partners p\u00e5pekar att Saab som mest tillverkat 18 Gripen-plan under ett \u00e5r och att bolaget just nu ligger strax \u00f6ver h\u00e4lften av den siffran. Samtidigt har Saab \u201db\u00e4ttre chans \u00e4n m\u00e5nga andra\u201d att skala upp produktionen. <\/p>\n<p>\u2013 Den sv\u00e5raste delen \u00e4r att g\u00e5 h\u00f6gre \u00e4n sin historiska produktionsniv\u00e5, s\u00e4ger han. <\/p>\n<p>Omni \u00e4r politiskt obundna och oberoende. Vi str\u00e4var efter att ge fler perspektiv p\u00e5 nyheterna. Har du fr\u00e5gor eller synpunkter kring v\u00e5r rapportering? <a href=\"https:\/\/omni.se\/saab-kan-dubbla-produktion-battre-chans-an-de-flesta\/a\/mailto:redaktion@omni.se\" class=\"ArticleActions_contactLink__W2F1M\" rel=\"nofollow noopener\" target=\"_blank\">Kontakta redaktionen<\/a><\/p>\n","protected":false},"excerpt":{"rendered":"Saab kan f\u00f6rdubbla sin produktion av Jas Gripen om Ukraina g\u00e5r vidare med sina k\u00f6pplaner p\u00e5 100\u2013150 plan.&hellip;\n","protected":false},"author":2,"featured_media":65424,"comment_status":"","ping_status":"","sticky":false,"template":"","format":"standard","meta":{"footnotes":""},"categories":[12],"tags":[22,23,26,27,868,17,21,24,25,28,29,15,16,18,2200,34,31,33,32,30,19,20],"class_list":{"0":"post-65423","1":"post","2":"type-post","3":"status-publish","4":"format-standard","5":"has-post-thumbnail","7":"category-sverige","8":"tag-breaking-news","9":"tag-breakingnews","10":"tag-featured-news","11":"tag-featurednews","12":"tag-forsvarsindustri","13":"tag-headlines","14":"tag-huvudnyheter","15":"tag-latest-news","16":"tag-latestnews","17":"tag-main-news","18":"tag-mainnews","19":"tag-news","20":"tag-nyheter","21":"tag-rubriker","22":"tag-saab","23":"tag-se","24":"tag-svenska","25":"tag-sverige","26":"tag-sweden","27":"tag-swedish","28":"tag-top-stories","29":"tag-topstories"},"share_on_mastodon":{"url":"https:\/\/pubeurope.com\/@se\/115445508719371353","error":""},"_links":{"self":[{"href":"https:\/\/www.europesays.com\/se\/wp-json\/wp\/v2\/posts\/65423","targetHints":{"allow":["GET"]}}],"collection":[{"href":"https:\/\/www.europesays.com\/se\/wp-json\/wp\/v2\/posts"}],"about":[{"href":"https:\/\/www.europesays.com\/se\/wp-json\/wp\/v2\/types\/post"}],"author":[{"embeddable":true,"href":"https:\/\/www.europesays.com\/se\/wp-json\/wp\/v2\/users\/2"}],"replies":[{"embeddable":true,"href":"https:\/\/www.europesays.com\/se\/wp-json\/wp\/v2\/comments?post=65423"}],"version-history":[{"count":0,"href":"https:\/\/www.europesays.com\/se\/wp-json\/wp\/v2\/posts\/65423\/revisions"}],"wp:featuredmedia":[{"embeddable":true,"href":"https:\/\/www.europesays.com\/se\/wp-json\/wp\/v2\/media\/65424"}],"wp:attachment":[{"href":"https:\/\/www.europesays.com\/se\/wp-json\/wp\/v2\/media?parent=65423"}],"wp:term":[{"taxonomy":"category","embeddable":true,"href":"https:\/\/www.europesays.com\/se\/wp-json\/wp\/v2\/categories?post=65423"},{"taxonomy":"post_tag","embeddable":true,"href":"https:\/\/www.europesays.com\/se\/wp-json\/wp\/v2\/tags?post=65423"}],"curies":[{"name":"wp","href":"https:\/\/api.w.org\/{rel}","templated":true}]}}