{"id":65496,"date":"2025-10-27T11:25:11","date_gmt":"2025-10-27T11:25:11","guid":{"rendered":"https:\/\/www.europesays.com\/se\/65496\/"},"modified":"2025-10-27T11:25:11","modified_gmt":"2025-10-27T11:25:11","slug":"moderaternas-fargstrategier-infor-valet-hemliga-matningen-visar","status":"publish","type":"post","link":"https:\/\/www.europesays.com\/se\/65496\/","title":{"rendered":"Moderaternas f\u00e4rgstrategier inf\u00f6r valet \u2013 hemliga m\u00e4tningen visar"},"content":{"rendered":"<p><a class=\"wing-tag\" href=\"https:\/\/www.expressen.se\/om\/val-2026\/\" rel=\"nofollow noopener\" target=\"_blank\">Val 2026<\/a><\/p>\n<p>Publicerad 27 okt 2025 kl 06.00Uppdaterad kl 06.40<\/p>\n<p>N\u00e4sta \u00e5r avg\u00f6rs slaget om Rosenbad \u2013 och i Moderaterna p\u00e5g\u00e5r ett intensivt arbete f\u00f6r att beh\u00e5lla makten.<\/p>\n<p>En hemlig m\u00e4tning pekar nu ut vilka M-toppar som kan dra vilken typ av v\u00e4ljare.<\/p>\n<p>Tv\u00e5 ministrar ses som trumfkort som g\u00e5r hem i alla grupper.<\/p>\n<p>\u00c5kessons Tid\u00f6-pikar i h\u00e4lsningen till M-ledaren<img loading=\"lazy\"   alt=\"\"\/><\/p>\n<p>F\u00e4rgkodade ministrar. Fr v F\u00f6rsvarsminister P\u00e5l Jonson, statsminister Ulf Kristersson och Carl-Oskar Bohlin, minister f\u00f6r civilt f\u00f6rsvar.<\/p>\n<p>Foto: HENRIK MONTGOMERY\/TT NYHETSBYR\u00c5N<\/p>\n<p>\u00d6ppna bild i helsk\u00e4rm<img loading=\"lazy\"   alt=\"\"\/><\/p>\n<p>Justitieminister Gunnar Str\u00f6mmer (M) och minister f\u00f6r civilt f\u00f6rsvar Carl-Oskar Bohlin (M).<\/p>\n<p>Foto: Jessica Gow\/TT<\/p>\n<p>\u00d6ppna bild i helsk\u00e4rm<img loading=\"lazy\"   alt=\"\"\/><\/p>\n<p>Finansminister Elisabeth Svantesson.<\/p>\n<p>Foto: SVEN LINDWALL<\/p>\n<p>\u00d6ppna bild i helsk\u00e4rm<\/p>\n<p>I september n\u00e4sta \u00e5r avg\u00f6rs slaget om regeringskansliet och vilka som ska f\u00e5 v\u00e4ljarnas f\u00f6rtroende att styra landet i fyra \u00e5r fram\u00e5t.\u00a0<\/p>\n<p><a href=\"https:\/\/www.expressen.se\/tagg\/organization\/moderaterna\/\" class=\"\" rel=\"nofollow noopener\" target=\"_blank\">Moderaterna<\/a> vill bli omvalda och arbetar nu intensivt f\u00f6r att g\u00f6ra det m\u00f6jligt. Det huvudsakliga m\u00e5let \u00e4r att v\u00e4xa och f\u00e5 f\u00f6rnyat f\u00f6rtroende som regeringsbildare.<\/p>\n<p>Just nu ligger Tid\u00f6partierna efter i opinionsm\u00e4tningarna. Samtidigt krymper avst\u00e5ndet mellan de politiska alternativen, och mycket tyder p\u00e5 att det blir j\u00e4mnare ju n\u00e4rmare valet man kommer.<\/p>\n<p>I kampen om v\u00e4ljarna har M, som under helgen varit samlat i V\u00e4ster\u00e5s f\u00f6r st\u00e4mma, tagit fram en valstrategi som man tror ska fungera mot s\u00e5v\u00e4l egna valarbetare som v\u00e4ljarna.<\/p>\n<p>Strategin g\u00e5r ut p\u00e5 att Moderaterna ska st\u00e5 p\u00e5 \u201dh\u00e5rt arbetande m\u00e4nniskors sida\u201d. De som st\u00e4ller klockan p\u00e5 morgonen och g\u00f6r r\u00e4tt f\u00f6r sig \u2013\u00a0och tycker att det ska l\u00f6na sig.\u00a0<\/p>\n<p>Men Moderaterna har ocks\u00e5 specialgranskat v\u00e4ljarna och delat in dem i sex olika grupper \u2013\u00a0som alla har kategoriserats med var sin f\u00e4rg.\u00a0<\/p>\n<p>F\u00e4rgkoderna beskrivs som ett s\u00e4tt att g\u00f6ra det enklare f\u00f6r valarbetarna att f\u00f6rbereda sig inf\u00f6r kommande kampanjarbete. Till exempel f\u00f6r att moderater som ska m\u00f6ta v\u00e4ljare p\u00e5 gator och torg, digitalt eller n\u00e4r de knackar d\u00f6rr ska kunna svara p\u00e5 fr\u00e5gor som tros vara s\u00e4rskilt relevanta i de olika grupperna.\u00a0<\/p>\n<p>Fokus p\u00e5 bl\u00e5tt, turkost och lila<\/p>\n<p>Moderaterna l\u00e4gger i valr\u00f6relsen fokus p\u00e5 att n\u00e5 v\u00e4ljare i tre grupper, d\u00e4r totalt 45 procent av de r\u00f6stber\u00e4ttigade anses befinna sig. I en hemlig intern m\u00e4tning har M ocks\u00e5 granskat vilka av partiets f\u00f6retr\u00e4dare som fungerar b\u00e4st i respektive grupp, erfar Expressen.<\/p>\n<p><strong>Den bl\u00e5 gruppen:<\/strong> Liberalkonservativa v\u00e4ljare. F\u00f6rre statsministern Carl Bildt ses som urtypen av en bl\u00e5 v\u00e4ljare. Klassisk M-politik, skatter och ordning och reda g\u00e5r hem h\u00e4r. \u00d6ver h\u00e4lften i gruppen r\u00f6star M, men \u00e4ven KD och L \u00e4r stora. Denna grupp \u00e4r M:s h\u00f6gst prioriterade och lojaliteten bland v\u00e4ljarna i denna grupp uppges vara stor med alla regeringens M-ministrar.<\/p>\n<p><strong>Den turkosa gruppen:<\/strong> H\u00e4r finns konservativa personer som inte ryggar f\u00f6r nationalism. Sverigedemokraterna \u00e4r st\u00f6rsta parti men m\u00e5nga gillar \u00e4ven Moderaterna. En stor del av dessa v\u00e4ljare finns i Sveriges sydligaste delar. Carl-Oskar Bohlin, minister f\u00f6r civilt f\u00f6rsvar och som ofta agerar som regeringens attackhund mot oppositionen, g\u00e5r hem h\u00e4r.<\/p>\n<p><strong>Den lila gruppen:<\/strong> Storstadsv\u00e4ljare av b\u00e5da k\u00f6nen, st\u00e5r i mitten av det politiska f\u00e4ltet men kan luta lite \u00e5t h\u00f6ger. V\u00e4ljer mellan Socialdemokraterna och Moderaterna. H\u00e4r \u00e4r regeringsfr\u00e5gan, v\u00e4rderingar och r\u00e4ttvisa viktigt. Man ska g\u00f6ra r\u00e4tt f\u00f6r sig och det ska l\u00f6na sig. Lila v\u00e4ljare uppges ha ett gott \u00f6ga till f\u00f6rsvarsminister P\u00e5l Jonson, som ses som kunnig och tar sitt jobb p\u00e5 stort allvar.\u00a0<\/p>\n<p>Annons<\/p>\n<p>Trumfkorten<\/p>\n<p>Men det finns ocks\u00e5 \u201dsuperministrar\u201d som har h\u00f6gt gillande i alla grupper och ses som trumfkort som kan locka v\u00e4ljare i den kommande valr\u00f6relsen.\u00a0<\/p>\n<p>Justitieminister Gunnar Str\u00f6mmer, som \u00e4ven \u00e5tnjuter ett h\u00f6gt f\u00f6rtroende internt, s\u00e4gs g\u00e5 hem i samtliga grupper. \u00c4ven finansminister Elisabeth Svantesson, som \u00e4r en av M:s fr\u00e4msta f\u00f6retr\u00e4dare, attraherar brett.<\/p>\n<p><img loading=\"lazy\"   alt=\"\"\/><\/p>\n<p>Moderata trumfkort anses Ulf Kristersson, Elisabeth Svantesson och Gunnar Str\u00f6mmer vara.<\/p>\n<p>Foto: FREDRIK SANDBERG\/TT \/ TT NYHETSBYR\u00c5N<\/p>\n<p>\u00d6ppna bild i helsk\u00e4rm<\/p>\n<p>Statsminister Ulf Kristersson har inte matchats mot olika v\u00e4ljargrupper p\u00e5 samma s\u00e4tt, enligt vad Expressen erfar, men han \u00e4r Moderaternas mest k\u00e4nda profil och viktigaste f\u00f6retr\u00e4daren i m\u00f6tet med v\u00e4ljarna.\u00a0<\/p>\n<p>Kvar finns ytterligare tre v\u00e4ljargrupper.\u00a0<\/p>\n<p><strong>Orange:<\/strong> Personer som \u00e4r ointresserade av politik och misstror politiker. M\u00e5nga h\u00e4r svarar \u201dvet ej\u201d p\u00e5 fr\u00e5gan om vilket parti de gillar. De som \u00e4nd\u00e5 r\u00f6star har traditionellt valt Socialdemokraterna. M sneglar intresserat p\u00e5 gruppen men tror sig inte kunna vinna n\u00e5gon st\u00f6rre andel v\u00e4ljare h\u00e4rifr\u00e5n.\u00a0<\/p>\n<p>Slutligen de <strong>r\u00f6da och rosa<\/strong>, h\u00e4r lutar v\u00e4ljarna tydligt till v\u00e4nster och M tror sig vara chansl\u00f6st i dessa grupper.\u00a0<\/p>\n","protected":false},"excerpt":{"rendered":"Val 2026 Publicerad 27 okt 2025 kl 06.00Uppdaterad kl 06.40 N\u00e4sta \u00e5r avg\u00f6rs slaget om Rosenbad \u2013 och&hellip;\n","protected":false},"author":2,"featured_media":65497,"comment_status":"","ping_status":"","sticky":false,"template":"","format":"standard","meta":{"footnotes":""},"categories":[5],"tags":[22,23,26,27,17,21,24,25,28,29,15,3464,16,42,530,18,34,583,31,33,32,30,19,152,20],"class_list":{"0":"post-65496","1":"post","2":"type-post","3":"status-publish","4":"format-standard","5":"has-post-thumbnail","7":"category-rubriker","8":"tag-breaking-news","9":"tag-breakingnews","10":"tag-featured-news","11":"tag-featurednews","12":"tag-headlines","13":"tag-huvudnyheter","14":"tag-latest-news","15":"tag-latestnews","16":"tag-main-news","17":"tag-mainnews","18":"tag-news","19":"tag-newsstory-val-2026","20":"tag-nyheter","21":"tag-organization-moderaterna","22":"tag-person-ulf-kristersson","23":"tag-rubriker","24":"tag-se","25":"tag-sections-politik","26":"tag-svenska","27":"tag-sverige","28":"tag-sweden","29":"tag-swedish","30":"tag-top-stories","31":"tag-topic-inrikespolitik","32":"tag-topstories"},"share_on_mastodon":{"url":"https:\/\/pubeurope.com\/@se\/115445886247095749","error":""},"_links":{"self":[{"href":"https:\/\/www.europesays.com\/se\/wp-json\/wp\/v2\/posts\/65496","targetHints":{"allow":["GET"]}}],"collection":[{"href":"https:\/\/www.europesays.com\/se\/wp-json\/wp\/v2\/posts"}],"about":[{"href":"https:\/\/www.europesays.com\/se\/wp-json\/wp\/v2\/types\/post"}],"author":[{"embeddable":true,"href":"https:\/\/www.europesays.com\/se\/wp-json\/wp\/v2\/users\/2"}],"replies":[{"embeddable":true,"href":"https:\/\/www.europesays.com\/se\/wp-json\/wp\/v2\/comments?post=65496"}],"version-history":[{"count":0,"href":"https:\/\/www.europesays.com\/se\/wp-json\/wp\/v2\/posts\/65496\/revisions"}],"wp:featuredmedia":[{"embeddable":true,"href":"https:\/\/www.europesays.com\/se\/wp-json\/wp\/v2\/media\/65497"}],"wp:attachment":[{"href":"https:\/\/www.europesays.com\/se\/wp-json\/wp\/v2\/media?parent=65496"}],"wp:term":[{"taxonomy":"category","embeddable":true,"href":"https:\/\/www.europesays.com\/se\/wp-json\/wp\/v2\/categories?post=65496"},{"taxonomy":"post_tag","embeddable":true,"href":"https:\/\/www.europesays.com\/se\/wp-json\/wp\/v2\/tags?post=65496"}],"curies":[{"name":"wp","href":"https:\/\/api.w.org\/{rel}","templated":true}]}}