{"id":65511,"date":"2025-10-27T11:46:08","date_gmt":"2025-10-27T11:46:08","guid":{"rendered":"https:\/\/www.europesays.com\/se\/65511\/"},"modified":"2025-10-27T11:46:08","modified_gmt":"2025-10-27T11:46:08","slug":"jonas-olsson-graham-potter-ar-valdigt-bra-rekryterat","status":"publish","type":"post","link":"https:\/\/www.europesays.com\/se\/65511\/","title":{"rendered":"Jonas Olsson: &#8221;Graham Potter \u00e4r v\u00e4ldigt bra rekryterat&#8221;"},"content":{"rendered":"<p>Den tidigare landslagsf\u00f6rsvararen Jonas Olsson ber\u00e4ttar i en intervju att han tror mycket p\u00e5 Jonas Olsson. Han bryr sig inte heller om att Graham Potter tidigare har f\u00e5tt sparken i Chelsea och West Ham United.<\/p>\n<p>Jon Dahl Tomasson fick sparken ifr\u00e5n det svenska landslaget. Graham Potter har tagit \u00f6ver jobbet. Kontraktet \u00e4r \u00f6ver resten av VM-kvalet plus en eventuellt playoffspel, och skulle Sverige spela VM 2026 i Mexiko, USA och Kanada s\u00e5 f\u00f6rl\u00e4ngs kontraktet. <\/p>\n<p style=\"line-height: 1.38; margin-top: 0pt; margin-bottom: 0pt\">Den tidigare landslagsbacken Jonas Olsson \u00e4r n\u00f6jd med valet. Till <a target=\"_blank\" href=\"https:\/\/www.hd.se\/sport\/experten-synar-plus-och-minus-med-graham-potter\/\" rel=\"nofollow noopener\">Helsingborgs Dagblad <\/a>s\u00e4ger han: <\/p>\n<p style=\"line-height: 1.38; margin-top: 0pt; margin-bottom: 0pt\">\u2013 Man ska komma ih\u00e5g att det \u00e4r mitt i ett kval, man har tre veckor till n\u00e4sta match, och att d\u00e5 f\u00e5 en tr\u00e4nare som Graham Potter tycker jag \u00e4r v\u00e4ldigt bra rekryterat. Positivt och sp\u00e4nnande. <\/p>\n<p style=\"line-height: 1.38; margin-top: 0pt; margin-bottom: 0pt\">Jonas Olsson bryr sig inte om att Graham Potter fick sparken ifr\u00e5n Chelsea och West Ham United. <\/p>\n<p style=\"line-height: 1.38; margin-top: 0pt; margin-bottom: 0pt\">\u2013 Sen kommer man inte ifr\u00e5n, om man ska vara dj\u00e4vulens advokat till hans anst\u00e4llning nu, om man r\u00e4knar in Chelsea och West Ham, och \u00e4ven Swansea i b\u00f6rjan, tog det ett tag innan han fick effekt p\u00e5 det han vill g\u00f6ra. Tid att bygga n\u00e5got l\u00e4ngre har man inte i landslaget normalt sett, i synnerhet inte nu, utan d\u00e4r m\u00e5ste man ha effekt direkt. P\u00e5 det s\u00e4ttet \u00e4r det v\u00e4l lite fr\u00e5getecken. <\/p>\n<p style=\"line-height: 1.38; margin-top: 0pt; margin-bottom: 0pt\">Graham Potter har vad som kr\u00e4vs menar Jonas Olsson. <\/p>\n<p style=\"line-height: 1.38; margin-top: 0pt; margin-bottom: 0pt\">\u2013 Han tar \u00f6ver ett landslag d\u00e4r man ska komma ih\u00e5g att den individuella grunden \u00e4r v\u00e4ldigt bra. Sen \u00e4r han ganska lik den profil som f\u00f6rbundet \u00e4nd\u00e5 f\u00f6respr\u00e5kat, det vill s\u00e4ga offensiv, attraktiv fotboll. Fram\u00e5tlutad. Sen tror jag han \u00e4r som m\u00e5nga brittiska tr\u00e4nare. De \u00e4r skickliga organisatoriskt, p\u00e5 att hitta den h\u00e4r defensiva balansen \u00e4ven om de g\u00e5r fram\u00e5t. P\u00e5 det s\u00e4ttet \u00e4r det en bra utn\u00e4mning. <\/p>\n<p style=\"line-height: 1.38; margin-top: 0pt; margin-bottom: 0pt\">Under sin karri\u00e4r s\u00e5 spelade Jonas Olsson i Landskrona BoIS, NEC Nijmegen, West Bromwich Albion, Djurg\u00e5rdens IF och Wigan Athletic. <\/p>\n","protected":false},"excerpt":{"rendered":"Den tidigare landslagsf\u00f6rsvararen Jonas Olsson ber\u00e4ttar i en intervju att han tror mycket p\u00e5 Jonas Olsson. Han bryr&hellip;\n","protected":false},"author":2,"featured_media":65512,"comment_status":"","ping_status":"","sticky":false,"template":"","format":"standard","meta":{"footnotes":""},"categories":[68],"tags":[159,158,157,138,156,165,164,140,34,160,162,111,110,31,161,33,32,30,163],"class_list":{"0":"post-65511","1":"post","2":"type-post","3":"status-publish","4":"format-standard","5":"has-post-thumbnail","7":"category-sport","8":"tag-allsvenskan","9":"tag-fans","10":"tag-fantv","11":"tag-fotboll","12":"tag-hockey","13":"tag-matcher","14":"tag-matchprogram","15":"tag-premier-league","16":"tag-se","17":"tag-serie-a","18":"tag-spelschema","19":"tag-sport","20":"tag-sports","21":"tag-svenska","22":"tag-svenskafans","23":"tag-sverige","24":"tag-sweden","25":"tag-swedish","26":"tag-tabeller"},"share_on_mastodon":{"url":"https:\/\/pubeurope.com\/@se\/115445968632114158","error":""},"_links":{"self":[{"href":"https:\/\/www.europesays.com\/se\/wp-json\/wp\/v2\/posts\/65511","targetHints":{"allow":["GET"]}}],"collection":[{"href":"https:\/\/www.europesays.com\/se\/wp-json\/wp\/v2\/posts"}],"about":[{"href":"https:\/\/www.europesays.com\/se\/wp-json\/wp\/v2\/types\/post"}],"author":[{"embeddable":true,"href":"https:\/\/www.europesays.com\/se\/wp-json\/wp\/v2\/users\/2"}],"replies":[{"embeddable":true,"href":"https:\/\/www.europesays.com\/se\/wp-json\/wp\/v2\/comments?post=65511"}],"version-history":[{"count":0,"href":"https:\/\/www.europesays.com\/se\/wp-json\/wp\/v2\/posts\/65511\/revisions"}],"wp:featuredmedia":[{"embeddable":true,"href":"https:\/\/www.europesays.com\/se\/wp-json\/wp\/v2\/media\/65512"}],"wp:attachment":[{"href":"https:\/\/www.europesays.com\/se\/wp-json\/wp\/v2\/media?parent=65511"}],"wp:term":[{"taxonomy":"category","embeddable":true,"href":"https:\/\/www.europesays.com\/se\/wp-json\/wp\/v2\/categories?post=65511"},{"taxonomy":"post_tag","embeddable":true,"href":"https:\/\/www.europesays.com\/se\/wp-json\/wp\/v2\/tags?post=65511"}],"curies":[{"name":"wp","href":"https:\/\/api.w.org\/{rel}","templated":true}]}}