{"id":65805,"date":"2025-10-27T17:50:22","date_gmt":"2025-10-27T17:50:22","guid":{"rendered":"https:\/\/www.europesays.com\/se\/65805\/"},"modified":"2025-10-27T17:50:22","modified_gmt":"2025-10-27T17:50:22","slug":"att-vaxa-sa-kraftigt-som-polisen-ar-en-enorm-pafrestning","status":"publish","type":"post","link":"https:\/\/www.europesays.com\/se\/65805\/","title":{"rendered":"Att v\u00e4xa s\u00e5 kraftigt som Polisen \u00e4r en enorm p\u00e5frestning"},"content":{"rendered":"<p>Publicerad 27 okt 2025 kl 12.39Uppdaterad kl 15.06<\/p>\n<p>Polisen har b\u00e5de omorganiserats och vuxit kraftigt \u2013 inte konstigt att det har p\u00e5verkat myndighetens resultat, skriver Pia Lindberg, tidigare ansvarig f\u00f6r Polisens nationella enhet, HR-kompetens, i en replik p\u00e5 Patrik Kronqvists senaste<a href=\"https:\/\/www.expressen.se\/ledare\/patrik-kronqvist\/polisen-smiter-fran-sitt-ansvar-for-gangkriget\/\" rel=\"nofollow noopener\" target=\"_blank\"> kr\u00f6nik<\/a><a href=\"https:\/\/www.expressen.se\/ledare\/patrik-kronqvist\/polisen-smiter-fran-sitt-ansvar-for-gangkriget\/\" rel=\"nofollow noopener\" target=\"_blank\">a<\/a>.<\/p>\n<p><img   alt=\"\"\/><\/p>\n<p>Rikspolis Petra Lundh<\/p>\n<p>Foto: IDA \u00c5KESSON \/ SPA<\/p>\n<p>\u00d6ppna bild i helsk\u00e4rm<\/p>\n<p>Detta \u00e4r en extern replik p\u00e5 en text fr\u00e5n ledarredaktionen. Expressens politiska h\u00e5llning \u00e4r liberal.<\/p>\n<p>Patrik Kronqvist skriver i en ledare i Expressen den 25 oktober att polisen smiter undan sitt ansvar. Ut\u00f6ver Riksrevisionens senaste granskning tycks Kronqvist bygga inl\u00e4gget p\u00e5 Hanne Kj\u00f6llers bok Polis &#8211; s\u00e5 funkar det! (inte), som l\u00e4mnar en del \u00f6vrigt att \u00f6nska vad g\u00e4ller f\u00f6rst\u00e5else och journalistisk bakgrundskontroll.<\/p>\n<p>Det ska inte stickas under stol med att svensk polis har sina utmaningar med det brottsf\u00f6rebyggande och brottsbek\u00e4mpande arbetet. Men det som vare sig Kronqvist eller Kj\u00f6ller verkar f\u00f6rst\u00e5 vidden av \u00e4r de konsekvenser som politikens ambitioner, med s\u00e5v\u00e4l myndighetsbildningen 2015 som polistillv\u00e4xten, har f\u00e5tt p\u00e5 polisverksamheten och inte minst p\u00e5 resultaten.\u00a0<\/p>\n<p><strong>De verkar inte heller f\u00f6rst\u00e5 att medlen som politiken \u201dg\u00f6dslat\u201d med till stor del har g\u00e5tt till att kraftigt bygga ut polisutbildningen och p\u00e5 olika s\u00e4tt rigga myndigheten f\u00f6r att attrahera, introducera och ta om hand de 12\u00a0000 personer som sedan 2015 har anst\u00e4llts. En tillv\u00e4xt som skett parallellt med att Sveriges genom tidernas st\u00f6rsta myndighetssammanslagning genomdrevs.\u00a0<\/strong><\/p>\n<p>N\u00e4r Kronqvist upph\u00f6jer Kj\u00f6llers bok som \u201den utm\u00e4rk bok\u201d, blir det n\u00e4stan komiskt d\u00e5 varken Kj\u00f6ller eller Kronqvist verkar f\u00f6rst\u00e5 vad som faktiskt h\u00e4nder n\u00e4r man sl\u00e5r samman 23 myndigheter i en, och samtidigt f\u00f6rv\u00e4ntar sig att detta monster till myndighet, ut\u00f6ver att fungera, ocks\u00e5 ska matas med kravet att v\u00e4xa med 10\u00a0000-tals anst\u00e4llda.\u00a0<\/p>\n<blockquote><p>Poliser \u00e4gnar i dag stor del av sin tid \u00e5t att introducera, instruera och handleda nya kollegor.<\/p><\/blockquote>\n<p>Jag har under mitt snart 40-\u00e5riga yrkesliv b\u00e5de lett och genomlevt flertalet omorganisationer i staten och det jag l\u00e4rt mig \u00e4r att \u00e4ven den minsta omorganisation orsakar stora, inte s\u00e4llan p\u00e5frestande, konsekvenser f\u00f6r verksamheten som ber\u00f6rs.\u00a0<\/p>\n<p>F\u00f6rm\u00e5gan att prestera bromsas upp och det tar inte s\u00e4llan \u00e5r att komma upp i den \u201dproduktion\u201d som avs\u00e5gs, och d\u00e5 pratar vi mindre omorganisationer som ber\u00f6rt max ett 1000-tal medarbetare p\u00e5 en geografiskt avgr\u00e4nsad yta med relativt enhetliga och enkla arbetsuppgifter.<\/p>\n<p>Inte, som i fallet Polisen, 10\u00a0000-tusentals anst\u00e4llda utspridda \u00f6ver hela landet med ett extremt utmanande och diversifierat brottsbek\u00e4mpande uppdrag, vilket skulle f\u00e5 den mest luttrade och f\u00f6r\u00e4ndringserfarne statstj\u00e4nsteman att blekna.\u00a0<\/p>\n<p><strong>N\u00e4r Kronqvist och Kj\u00f6ller ondg\u00f6r sig \u00f6ver att st\u00f6det v\u00e4xt mer \u00e4n k\u00e4rnverksamheten, och att HR i det avseendet sticker ut, kan jag av erfarenhet g\u00e5 i god f\u00f6r att detta monster till myndighet under dessa 10 \u00e5r hade beh\u00f6vt mer HR.<\/strong><\/p>\n<p>Den som s\u00e4tter sig in i Polismyndighetens HR-verksamhet inser snart att huvuddelen av dem som utbildar svensk polis \u00e4r anst\u00e4llda p\u00e5 just HR, och d\u00e4r utg\u00f6r en stor andel av det totala antalet HR-anst\u00e4llda.\u00a0<\/p>\n<p>R\u00e4knar man bort dem samt dem som fort- och vidareutbildar myndighetens cirka 25 000 poliser (instrukt\u00f6rer som ocks\u00e5 de \u00e4r anst\u00e4llda p\u00e5 HR) s\u00e5 skulle jag v\u00e5ga p\u00e5st\u00e5 att Polisen har en, i f\u00f6rh\u00e5llande till antal anst\u00e4llda, relativt liten HR-verksamhet.\u00a0<\/p>\n<p>Annons<\/p>\n<p>Kronqvist och Kj\u00f6ller borde utan st\u00f6rre fantasi kunna gissa vad \u00f6vriga HR-anst\u00e4llda, som inte utbildar poliser, har \u00e4gnat sig \u00e5t sedan 2015!<\/p>\n<p>Att v\u00e4xa s\u00e5 kraftigt som Polisen har gjort \u00e4r en enorm p\u00e5frestning. Inte bara f\u00f6r att det faktiskt g\u00f6r ont att v\u00e4xa, utan ocks\u00e5 f\u00f6r att tillv\u00e4xt drar fokus och resurs bort fr\u00e5n basuppdraget.\u00a0<\/p>\n<p><strong>Poliser \u00e4gnar i dag stor del av sin tid \u00e5t att introducera, instruera och handleda nya kollegor. Polisen har en extremt \u201dung\u201d polisk\u00e5r och att bli riktigt vass p\u00e5 sitt jobb sker som vi vet inte i en handv\u00e4ndning, inte heller f\u00f6r poliser.\u00a0<\/strong><\/p>\n<p>F\u00f6rst\u00e5r man inte konsekvenserna som f\u00f6ljer av det s\u00e5 har man inte heller f\u00f6rst\u00e5tt hur tillv\u00e4xt funkar.\u00a0<\/p>\n<p>Att avslutningsvis p\u00e5st\u00e5 att det skulle vara <a href=\"https:\/\/www.expressen.se\/tagg\/person\/petra-lundh\/\" class=\"\" rel=\"nofollow noopener\" target=\"_blank\">Petra Lundh<\/a> som vill ha fler poliser \u00e4r ett tydligt tecken p\u00e5 skribentens bristande f\u00f6rst\u00e5else f\u00f6r hur svensk statsf\u00f6rvaltning \u201dfunkar\u201d. Det \u00e4r inte myndighetschefer som s\u00e4tter m\u00e5len f\u00f6r svensk politik, det g\u00f6r regeringen.\u00a0<\/p>\n<p><strong>F\u00f6ljaktligen \u00e4r det inte Petra Lundh som vill att Sverige ska n\u00e5 EU-snittet vad g\u00e4ller andel poliser per 100 000 inv\u00e5nare. Ett m\u00e5l som Sverige f\u00f6r \u00f6vrigt inte \u00e4r i n\u00e4rheten av (vilket kanske kan ge en hint om varf\u00f6r Sverige i ett EU-perspektiv sticker ut vad g\u00e4ller brottsstatistik).<\/strong><\/p>\n<p>Pia Lindberg<\/p>\n<p>tidigare ansvarig f\u00f6r Polismyndighetens nationella enhet, HR-kompetens<\/p>\n<p><strong>L\u00c4S MER: <\/strong><a href=\"https:\/\/www.expressen.se\/ledare\/patrik-kronqvist\/polisen-smiter-fran-sitt-ansvar-for-gangkriget\/\" class=\"\" rel=\"nofollow noopener\" target=\"_blank\">Polisen smiter fr\u00e5n sitt ansvar f\u00f6r g\u00e4ngkriget<\/a><\/p>\n","protected":false},"excerpt":{"rendered":"Publicerad 27 okt 2025 kl 12.39Uppdaterad kl 15.06 Polisen har b\u00e5de omorganiserats och vuxit kraftigt \u2013 inte konstigt&hellip;\n","protected":false},"author":2,"featured_media":65806,"comment_status":"","ping_status":"","sticky":false,"template":"","format":"standard","meta":{"footnotes":""},"categories":[5],"tags":[22,23,26,27,17,21,24,25,28,29,15,16,400,5939,18,34,4067,31,33,32,30,19,996,20],"class_list":{"0":"post-65805","1":"post","2":"type-post","3":"status-publish","4":"format-standard","5":"has-post-thumbnail","7":"category-rubriker","8":"tag-breaking-news","9":"tag-breakingnews","10":"tag-featured-news","11":"tag-featurednews","12":"tag-headlines","13":"tag-huvudnyheter","14":"tag-latest-news","15":"tag-latestnews","16":"tag-main-news","17":"tag-mainnews","18":"tag-news","19":"tag-nyheter","20":"tag-organization-polisen","21":"tag-person-petra-lundh","22":"tag-rubriker","23":"tag-se","24":"tag-sections-replik","25":"tag-svenska","26":"tag-sverige","27":"tag-sweden","28":"tag-swedish","29":"tag-top-stories","30":"tag-topic-myndigheter","31":"tag-topstories"},"share_on_mastodon":{"url":"https:\/\/pubeurope.com\/@se\/115447400013506631","error":""},"_links":{"self":[{"href":"https:\/\/www.europesays.com\/se\/wp-json\/wp\/v2\/posts\/65805","targetHints":{"allow":["GET"]}}],"collection":[{"href":"https:\/\/www.europesays.com\/se\/wp-json\/wp\/v2\/posts"}],"about":[{"href":"https:\/\/www.europesays.com\/se\/wp-json\/wp\/v2\/types\/post"}],"author":[{"embeddable":true,"href":"https:\/\/www.europesays.com\/se\/wp-json\/wp\/v2\/users\/2"}],"replies":[{"embeddable":true,"href":"https:\/\/www.europesays.com\/se\/wp-json\/wp\/v2\/comments?post=65805"}],"version-history":[{"count":0,"href":"https:\/\/www.europesays.com\/se\/wp-json\/wp\/v2\/posts\/65805\/revisions"}],"wp:featuredmedia":[{"embeddable":true,"href":"https:\/\/www.europesays.com\/se\/wp-json\/wp\/v2\/media\/65806"}],"wp:attachment":[{"href":"https:\/\/www.europesays.com\/se\/wp-json\/wp\/v2\/media?parent=65805"}],"wp:term":[{"taxonomy":"category","embeddable":true,"href":"https:\/\/www.europesays.com\/se\/wp-json\/wp\/v2\/categories?post=65805"},{"taxonomy":"post_tag","embeddable":true,"href":"https:\/\/www.europesays.com\/se\/wp-json\/wp\/v2\/tags?post=65805"}],"curies":[{"name":"wp","href":"https:\/\/api.w.org\/{rel}","templated":true}]}}