{"id":65881,"date":"2025-10-27T19:59:25","date_gmt":"2025-10-27T19:59:25","guid":{"rendered":"https:\/\/www.europesays.com\/se\/65881\/"},"modified":"2025-10-27T19:59:25","modified_gmt":"2025-10-27T19:59:25","slug":"barn-till-sjukhus-foll-fran-tredje-vaningen-i-orebro","status":"publish","type":"post","link":"https:\/\/www.europesays.com\/se\/65881\/","title":{"rendered":"Barn till sjukhus \u2013 f\u00f6ll fr\u00e5n tredje v\u00e5ningen i \u00d6rebro"},"content":{"rendered":"<p>Ett litet barn har trillat ut genom ett f\u00f6nster p\u00e5 tredje v\u00e5ningen i \u00d6rebro, uppger polisen. Barnet \u00e4r f\u00f6rt till sjukhus med ambulans men ska ha varit vid medvetande. <\/p>\n<p>H\u00e4ndelsen utreds som v\u00e5llande till kroppsskada f\u00f6r att utreda om det r\u00f6r sig om en olycka eller inte. <\/p>\n<p>Omni \u00e4r politiskt obundna och oberoende. Vi str\u00e4var efter att ge fler perspektiv p\u00e5 nyheterna. Har du fr\u00e5gor eller synpunkter kring v\u00e5r rapportering? <a href=\"https:\/\/omni.se\/litet-barn-har-trillat-ut-genom-fonster\/a\/mailto:redaktion@omni.se\" class=\"ArticleActions_contactLink__W2F1M\" rel=\"nofollow noopener\" target=\"_blank\">Kontakta redaktionen<\/a><\/p>\n","protected":false},"excerpt":{"rendered":"Ett litet barn har trillat ut genom ett f\u00f6nster p\u00e5 tredje v\u00e5ningen i \u00d6rebro, uppger polisen. Barnet \u00e4r&hellip;\n","protected":false},"author":2,"featured_media":65882,"comment_status":"","ping_status":"","sticky":false,"template":"","format":"standard","meta":{"footnotes":""},"categories":[5],"tags":[22,23,26,27,17,21,24,25,28,29,15,16,1146,1147,18,34,31,33,32,30,19,20],"class_list":{"0":"post-65881","1":"post","2":"type-post","3":"status-publish","4":"format-standard","5":"has-post-thumbnail","7":"category-rubriker","8":"tag-breaking-news","9":"tag-breakingnews","10":"tag-featured-news","11":"tag-featurednews","12":"tag-headlines","13":"tag-huvudnyheter","14":"tag-latest-news","15":"tag-latestnews","16":"tag-main-news","17":"tag-mainnews","18":"tag-news","19":"tag-nyheter","20":"tag-orebro","21":"tag-orebro-lan","22":"tag-rubriker","23":"tag-se","24":"tag-svenska","25":"tag-sverige","26":"tag-sweden","27":"tag-swedish","28":"tag-top-stories","29":"tag-topstories"},"share_on_mastodon":{"url":"https:\/\/pubeurope.com\/@se\/115447907156319528","error":""},"_links":{"self":[{"href":"https:\/\/www.europesays.com\/se\/wp-json\/wp\/v2\/posts\/65881","targetHints":{"allow":["GET"]}}],"collection":[{"href":"https:\/\/www.europesays.com\/se\/wp-json\/wp\/v2\/posts"}],"about":[{"href":"https:\/\/www.europesays.com\/se\/wp-json\/wp\/v2\/types\/post"}],"author":[{"embeddable":true,"href":"https:\/\/www.europesays.com\/se\/wp-json\/wp\/v2\/users\/2"}],"replies":[{"embeddable":true,"href":"https:\/\/www.europesays.com\/se\/wp-json\/wp\/v2\/comments?post=65881"}],"version-history":[{"count":0,"href":"https:\/\/www.europesays.com\/se\/wp-json\/wp\/v2\/posts\/65881\/revisions"}],"wp:featuredmedia":[{"embeddable":true,"href":"https:\/\/www.europesays.com\/se\/wp-json\/wp\/v2\/media\/65882"}],"wp:attachment":[{"href":"https:\/\/www.europesays.com\/se\/wp-json\/wp\/v2\/media?parent=65881"}],"wp:term":[{"taxonomy":"category","embeddable":true,"href":"https:\/\/www.europesays.com\/se\/wp-json\/wp\/v2\/categories?post=65881"},{"taxonomy":"post_tag","embeddable":true,"href":"https:\/\/www.europesays.com\/se\/wp-json\/wp\/v2\/tags?post=65881"}],"curies":[{"name":"wp","href":"https:\/\/api.w.org\/{rel}","templated":true}]}}